{"id":3450,"date":"2021-05-12T13:21:15","date_gmt":"2021-05-12T16:21:15","guid":{"rendered":"https:\/\/ambipar.com\/latam\/?post_type=noticia&#038;p=3450"},"modified":"2021-05-27T15:06:06","modified_gmt":"2021-05-27T18:06:06","slug":"manual-detalha-legislacao-do-transporte-de-cargas-para-empresas-e-poder-publico","status":"publish","type":"noticia","link":"https:\/\/ambipar.com\/latam\/pt\/noticias\/manual-detalha-legislacao-do-transporte-de-cargas-para-empresas-e-poder-publico\/","title":{"rendered":"Manual detalha legisla\u00e7\u00e3o do transporte de cargas para empresas e poder p\u00fablico"},"content":{"rendered":"\n<p>No Brasil, o transporte de cargas classificadas como perigosas, seja por rodovias ou ferrovias, segue regras r\u00edgidas estabelecidas por um regulamento que possui especifica\u00e7\u00f5es muito t\u00e9cnicas e portarias e normas determinadas por diferentes \u00f3rg\u00e3os. Tratam, por exemplo, da legisla\u00e7\u00e3o ambiental e de tr\u00e2nsito,\u00a0normas t\u00e9cnicas, e incluem fiscaliza\u00e7\u00f5es, como por exemplo aquelas realizadas pela Pol\u00edcia Federal.\u00a0O objetivo \u00e9, em \u00faltima inst\u00e2ncia, evitar acidentes que possam causar algum tipo de dano ao meio ambiente e preservar a vida das pessoas.<\/p>\n\n\n\n<p>Com tantas especifica\u00e7\u00f5es, fica dif\u00edcil \u2013\u00a0mesmo para os profissionais mais experientes \u2013 saber se cada viagem est\u00e1 de acordo com o que preveem as normas. Para se ter uma ideia da complexidade quando se fala em risco no transporte de cargas, at\u00e9 o transporte de  algod\u00e3o precisa\u00a0seguir regras previstas neste regulamento, devido \u00e0s suas caracter\u00edsticas de risco de combust\u00e3o espont\u00e2nea durante o deslocamento\u00a0\u00a0\u00a0\u00a0 .<\/p>\n\n\n\n<p>\u00a0\u00a0\u00a0\u00a0 Para apoiar empresas, o setor de transporte, o poder p\u00fablico e os agentes de fiscaliza\u00e7\u00e3o, a<a href=\"https:\/\/ambipar.com\/latam\/\"> Ambipar<\/a>, multinacional com atua\u00e7\u00e3o em diversos segmentos nos quais oferece servi\u00e7os e produtos voltados \u00e0 gest\u00e3o ambiental, disponibiliza o<a href=\"https:\/\/ambipar.com\/latam\/ambipar-response\/prevencao-de-acidentes\/manuais\/\"> Manual de Autoprote\u00e7\u00e3o para o Manuseio e Transporte de Produtos Perigosos (PP)<\/a>, uma publica\u00e7\u00e3o\u00a0atualizada\u00a0em conson\u00e2ncia com a referida legisla\u00e7\u00e3o\u00a0\u00a0\u00a0\u00a0 .<\/p>\n\n\n\n<p>Ele chega neste ano a sua 15\u00aa edi\u00e7\u00e3o, por isso o nome PP15, e se tornou uma refer\u00eancia nacional em termos da\u00a0legisla\u00e7\u00e3o sobre produtos perigosos no Pa\u00eds e da regulamenta\u00e7\u00e3o que incide de forma direta e indireta nos modais rodovi\u00e1rio e ferrovi\u00e1rio.<\/p>\n\n\n\n<p><strong>15\u00ba Semin\u00e1rio Nacional de Manuseio e Transporte de Produtos e Res\u00edduos Perigosos<\/strong><\/p>\n\n\n\n<p>A Ambipar est\u00e1 preparando o 15\u00ba Semin\u00e1rio Nacional de Manuseio e Transporte de Produtos e Res\u00edduos Perigosos. O evento re\u00fane os maiores especialistas do Pa\u00eds em legisla\u00e7\u00e3o e emerg\u00eancias ambientais de \u00f3rg\u00e3os p\u00fablicos para discutir tudo sobre o setor e lan\u00e7ar o PP15.&nbsp;&nbsp;&nbsp;&nbsp;<\/p>\n\n\n\n<p>A programa\u00e7\u00e3o prev\u00ea um bate-papo sobre atualiza\u00e7\u00e3o da legisla\u00e7\u00e3o do transporte de produtos perigosos; fiscaliza\u00e7\u00e3o do transporte rodovi\u00e1rio de produtos perigosos; acidentes no transporte de produtos perigosos; atua\u00e7\u00e3o e expectativas dos \u00f3rg\u00e3os ambientais nas emerg\u00eancias; e plano de a\u00e7\u00e3o e opera\u00e7\u00f5es de atendimento a emerg\u00eancias ambientais.<\/p>\n\n\n\n<p>Durante as palestras, ser\u00e3o sorteados 30 novos manuais PP15 para o p\u00fablico. O evento \u00e9 totalmente gratuito, mas tem vagas limitadas. Os interessados devem inscrever-se por meio do link\u00a0\u00a0<a href=\"https:\/\/manualpp15.com.br\/\"><strong>https:\/\/manualpp15.com.br\/<\/strong><\/a>. Todos os participantes ser\u00e3o certificados.<\/p>\n\n\n\n<p><strong>PP15 em vers\u00e3o digital<\/strong><\/p>\n\n\n\n<p>A edi\u00e7\u00e3o mais recente do manual acaba de ser disponibilizada e, nos pr\u00f3ximos meses, vai ganhar uma vers\u00e3o digital, em forma de aplicativo, conta Dennys Spencer, diretor t\u00e9cnico da Ambipar. \u201cA publica\u00e7\u00e3o se prop\u00f5e a trazer a legisla\u00e7\u00e3o de forma completa e atualizada\u201d, resume Spencer. \u00a0\u00a0\u00a0\u00a0\u00a0<\/p>\n\n\n\n<div class=\"wp-block-image\"><figure class=\"aligncenter size-large is-resized\"><img src=\"https:\/\/ambipar.com\/latam\/wp-content\/uploads\/2020\/10\/manual-700x290.png\" alt=\"\" class=\"wp-image-410\" width=\"800\" height=\"331\" srcset=\"https:\/\/ambipar.com\/latam\/wp-content\/uploads\/2020\/10\/manual-700x290.png 700w, https:\/\/ambipar.com\/latam\/wp-content\/uploads\/2020\/10\/manual-250x103.png 250w, https:\/\/ambipar.com\/latam\/wp-content\/uploads\/2020\/10\/manual-768x318.png 768w, https:\/\/ambipar.com\/latam\/wp-content\/uploads\/2020\/10\/manual-120x50.png 120w, https:\/\/ambipar.com\/latam\/wp-content\/uploads\/2020\/10\/manual.png 800w\" sizes=\"(max-width: 800px) 100vw, 800px\" \/><\/figure><\/div>\n\n\n\n<p>Por ser um conte\u00fado complexo e extenso, com muitos regulamentos e portarias, o manual \u00e9 dividido em cap\u00edtulos que tratam da legisla\u00e7\u00e3o de transporte de produtos perigosos, legisla\u00e7\u00e3o de tr\u00e2nsito, legisla\u00e7\u00e3o de transporte rodovi\u00e1rio, legisla\u00e7\u00e3o de transporte ferrovi\u00e1rio, legisla\u00e7\u00e3o ambiental, legisla\u00e7\u00e3o de produtos controlados pela Pol\u00edcia Federal e pelo Ex\u00e9rcito, al\u00e9m das exig\u00eancias do<a href=\"http:\/\/www.inmetro.gov.br\/fiscalizacao\/prodPerigosos.asp#:~:text=.%3A%20Transporte%20de%20Produtos%20Perigosos%20%3A,fiscaliza%C3%A7%C3%A3o%20do%20transporte%20dessas%20cargas.\"> <\/a><a href=\"http:\/\/www.inmetro.gov.br\/fiscalizacao\/prodPerigosos.asp#:~:text=.%3A%20Transporte%20de%20Produtos%20Perigosos%20%3A,fiscaliza%C3%A7%C3%A3o%20do%20transporte%20dessas%20cargas.\">Inmetro<\/a> e da<a href=\"http:\/\/www.abnt.org.br\/noticias\/6915-transporte-terrestre-de-produtos-perigosos-normas-atualizadas-de-ficha-de-emergencia-e-de-limpeza-ou-de-descontaminacao\"> <\/a><a href=\"http:\/\/www.abnt.org.br\/noticias\/6915-transporte-terrestre-de-produtos-perigosos-normas-atualizadas-de-ficha-de-emergencia-e-de-limpeza-ou-de-descontaminacao\">Associa\u00e7\u00e3o Brasileira de Normas T\u00e9cnicas (ABNT)<\/a>.<\/p>\n\n\n\n<p>A atividade de transporte de produtos perigosos tem interface com outras \u00e1reas, da\u00ed a necessidade do manual, explica o diretor da Ambipar. A publica\u00e7\u00e3o atende a profissionais e t\u00e9cnicos que atuam diretamente na \u00e1rea \u2013 transportadores, ind\u00fastria em geral, clientes corporativos que recebem as mercadorias, empresas especializadas no atendimento a emerg\u00eancias com produtos perigosos e \u00f3rg\u00e3os p\u00fablicos respons\u00e1veis pela fiscaliza\u00e7\u00e3o.<\/p>\n\n\n\n<p>&nbsp;Hoje, por exemplo, o manual \u00e9 usado em treinamentos feitos pelos \u00f3rg\u00e3os de fiscaliza\u00e7\u00e3o, como a Pol\u00edcia Rodovi\u00e1ria e Defesa Civil estadual e municipal.&nbsp;&nbsp;&nbsp;&nbsp;<\/p>\n\n\n\n<p>O conte\u00fado \u00e9 t\u00e3o completo que o manual tem 1.057 p\u00e1ginas \u2013 517 delas exclusivamente sobre o regulamento de transporte de produtos perigosos. As regras v\u00e3o desde a sinaliza\u00e7\u00e3o, por meio de placa, que tem de ser fixada no caminh\u00e3o para indicar, por meio de uma numera\u00e7\u00e3o padronizada internacionalmente, a classe de risco e o tipo de produto, at\u00e9 a indica\u00e7\u00e3o do traje espec\u00edfico e os tipos de equipamentos de prote\u00e7\u00e3o individual (EPIs) que o motorista do caminh\u00e3o precisa ter na cabine.<\/p>\n\n\n\n<p>&nbsp;&nbsp;&nbsp;&nbsp; \u201cExiste norma at\u00e9 para a dimens\u00e3o da placa que \u00e9 fixada no caminh\u00e3o com a numera\u00e7\u00e3o que indica o tipo de produto. Se estiver fora do padr\u00e3o, por exemplo, o ve\u00edculo pode ser apreendido at\u00e9 que seja regularizada a simbologia\u201d, explica o executivo da Ambipar.<\/p>\n\n\n\n<p>O tema do<a href=\"https:\/\/portal.antt.gov.br\/cargas\"> <\/a><a href=\"https:\/\/portal.antt.gov.br\/cargas\">transporte de cargas<\/a> \u00e9 muito sens\u00edvel para os profissionais e empresas da \u00e1rea, para os \u00f3rg\u00e3os de fiscaliza\u00e7\u00e3o e para a sociedade. \u201cO objetivo de uma regulamenta\u00e7\u00e3o nessa \u00e1rea \u00e9 proteger as pessoas, o meio ambiente e o patrim\u00f4nio p\u00fablico dos riscos que esses produtos podem causar quando, em um acidente, acontece uma exposi\u00e7\u00e3o de forma n\u00e3o controlada\u201d, resume Spencer.<\/p>\n\n\n\n<p>&nbsp;&nbsp;&nbsp;&nbsp; Os n\u00fameros confirmam a preocupa\u00e7\u00e3o que se deve ter com o assunto. Segundo dados divulgados pela Companhia Ambiental do Estado de S\u00e3o Paulo (Cetesb) e dispon\u00edveis para consulta em seu site, em m\u00e9dia, s\u00f3 no estado de S\u00e3o Paulo acontecem cerca de 470 acidentes com produtos perigosos por ano. Ou seja, mais de um por dia. Quando se levam em considera\u00e7\u00e3o apenas os acidentes ocorridos em rodovias, temos, em m\u00e9dia, um total de 270 acidentes. Ou seja, aproximadamente, 60% do total das ocorr\u00eancias com produtos perigosos registradas pelo \u00f3rg\u00e3o ambiental do estado de S\u00e3o Paulo ocorrem em rodovias. &nbsp;&nbsp;&nbsp;&nbsp;&nbsp;<\/p>\n\n\n\n<p>\u201cEsse tipo de conhecimento t\u00e9cnico que est\u00e1 presente na lei deveria ser mais difundido. As pessoas deveriam ter contato com o tema desde a escola para que, no futuro, saibam o que fazer na hora em que se depararem com uma emerg\u00eancia rodovi\u00e1ria ou ferrovi\u00e1ria\u201d, diz Spencer. Para o especialista, colocar em pr\u00e1tica a\u00e7\u00f5es corretas de evacua\u00e7\u00e3o de \u00e1rea pode significar a diferen\u00e7a entre a preserva\u00e7\u00e3o da vida de pessoas e do patrim\u00f4nio.<\/p>\n\n\n\n<p>Nesse contexto, um ponto de aten\u00e7\u00e3o \u00e9 o meio ambiente, j\u00e1 que acidentes com o transporte de produtos, principalmente os l\u00edquidos, podem causar severas contamina\u00e7\u00f5es no solo e nos rios. S\u00e3o acidentes que podem levar d\u00e9cadas para que seus efeitos sejam neutralizados ou, em muitos casos, apenas minimizados, com um preju\u00edzo n\u00e3o s\u00f3 ambiental, mas para as comunidades locais que utilizam desses recursos como meio de subsist\u00eancia ou atividade econ\u00f4mica. &nbsp;&nbsp;&nbsp;&nbsp;&nbsp;<\/p>\n\n\n\n<p>Como salienta Spencer, atualmente, as empresas est\u00e3o cada vez mais conscientes dos impactos que podem ser causados por um acidente na associa\u00e7\u00e3o da marca a uma imagem negativa por conta dos danos &nbsp;&nbsp;&nbsp;&nbsp;&nbsp;gerados. A sociedade est\u00e1 cobrando cada vez mais as empresas sobre suas responsabilidades em rela\u00e7\u00e3o aos impactos ambientais causados em decorr\u00eancia de acidentes ligados aos seus processos.<\/p>\n\n\n\n<p>\u201cO impacto pode ser enorme. Afinal, sabemos qu\u00e3o relevante a tem\u00e1tica ambiental \u00e9 na vida das pessoas. Hoje, a popula\u00e7\u00e3o reage de forma muito imediata quando h\u00e1 a omiss\u00e3o da empresa sobre um tema como esse. Por isso, \u00e9 preciso estar preparado para que os acidentes n\u00e3o aconte\u00e7am. Caso aconte\u00e7am, que a resposta seja imediata para causar o menor dano poss\u00edvel\u201d, alerta o diretor da Ambipar.<\/p>\n","protected":false},"featured_media":3452,"template":"","categories":[257,275,204],"yoast_head":"<!-- This site is optimized with the Yoast SEO plugin v17.6 - https:\/\/yoast.com\/wordpress\/plugins\/seo\/ -->\n<title>Manual pp15 detalha legisla\u00e7\u00e3o do transporte de cargas para empresas<\/title>\n<meta name=\"description\" content=\"Publica\u00e7\u00e3o ganhar\u00e1, em breve, vers\u00e3o online com regulamentos e portarias que minimizam os riscos de acidente em rodovias e ferrovias.\" \/>\n<meta name=\"robots\" content=\"index, follow, max-snippet:-1, max-image-preview:large, max-video-preview:-1\" \/>\n<link rel=\"canonical\" href=\"https:\/\/ambipar.com\/latam\/pt\/noticias\/manual-detalha-legislacao-do-transporte-de-cargas-para-empresas-e-poder-publico\/\" \/>\n<meta property=\"og:locale\" content=\"es_ES\" \/>\n<meta property=\"og:type\" content=\"article\" \/>\n<meta property=\"og:title\" content=\"Manual pp15 detalha legisla\u00e7\u00e3o do transporte de cargas para empresas\" \/>\n<meta property=\"og:description\" content=\"Publica\u00e7\u00e3o ganhar\u00e1, em breve, vers\u00e3o online com regulamentos e portarias que minimizam os riscos de acidente em rodovias e ferrovias.\" \/>\n<meta property=\"og:url\" content=\"https:\/\/ambipar.com\/latam\/pt\/noticias\/manual-detalha-legislacao-do-transporte-de-cargas-para-empresas-e-poder-publico\/\" \/>\n<meta property=\"og:site_name\" content=\"Ambipar. A l\u00edder em gest\u00e3o ambiental.\" \/>\n<meta property=\"article:modified_time\" content=\"2021-05-27T18:06:06+00:00\" \/>\n<meta property=\"og:image\" content=\"https:\/\/ambipar.com\/latam\/wp-content\/uploads\/2021\/05\/manualpp15-1.jpg\" \/>\n\t<meta property=\"og:image:width\" content=\"1920\" \/>\n\t<meta property=\"og:image:height\" content=\"938\" \/>\n<meta name=\"twitter:card\" content=\"summary_large_image\" \/>\n<meta name=\"twitter:label1\" content=\"Est. reading time\" \/>\n\t<meta name=\"twitter:data1\" content=\"6 minutos\" \/>\n<script type=\"application\/ld+json\" class=\"yoast-schema-graph\">{\"@context\":\"https:\/\/schema.org\",\"@graph\":[{\"@type\":\"Organization\",\"@id\":\"https:\/\/ambipar.com\/latam\/#organization\",\"name\":\"Ambipar\",\"url\":\"https:\/\/ambipar.com\/latam\/\",\"sameAs\":[],\"logo\":{\"@type\":\"ImageObject\",\"@id\":\"https:\/\/ambipar.com\/latam\/#logo\",\"inLanguage\":\"es-CL\",\"url\":\"https:\/\/ambipar.com\/latam\/wp-content\/uploads\/2020\/10\/ambipar_color.png\",\"contentUrl\":\"https:\/\/ambipar.com\/latam\/wp-content\/uploads\/2020\/10\/ambipar_color.png\",\"width\":174,\"height\":107,\"caption\":\"Ambipar\"},\"image\":{\"@id\":\"https:\/\/ambipar.com\/latam\/#logo\"}},{\"@type\":\"WebSite\",\"@id\":\"https:\/\/ambipar.com\/latam\/#website\",\"url\":\"https:\/\/ambipar.com\/latam\/\",\"name\":\"Ambipar. A l\\u00edder em gest\\u00e3o ambiental.\",\"description\":\"Pioneira em solu\\u00e7\\u00f5es ambientais, a Ambipar atua em todo o territ\\u00f3rio nacional oferecendo solu\\u00e7\\u00f5es integradas para toda a cadeia de neg\\u00f3cio.\",\"publisher\":{\"@id\":\"https:\/\/ambipar.com\/latam\/#organization\"},\"potentialAction\":[{\"@type\":\"SearchAction\",\"target\":{\"@type\":\"EntryPoint\",\"urlTemplate\":\"https:\/\/ambipar.com\/latam\/?s={search_term_string}\"},\"query-input\":\"required name=search_term_string\"}],\"inLanguage\":\"es-CL\"},{\"@type\":\"ImageObject\",\"@id\":\"https:\/\/ambipar.com\/latam\/pt\/noticias\/manual-detalha-legislacao-do-transporte-de-cargas-para-empresas-e-poder-publico\/#primaryimage\",\"inLanguage\":\"es-CL\",\"url\":\"https:\/\/ambipar.com\/latam\/wp-content\/uploads\/2021\/05\/manualpp15-1.jpg\",\"contentUrl\":\"https:\/\/ambipar.com\/latam\/wp-content\/uploads\/2021\/05\/manualpp15-1.jpg\",\"width\":1920,\"height\":938,\"caption\":\"Manual PP15\"},{\"@type\":\"WebPage\",\"@id\":\"https:\/\/ambipar.com\/latam\/pt\/noticias\/manual-detalha-legislacao-do-transporte-de-cargas-para-empresas-e-poder-publico\/#webpage\",\"url\":\"https:\/\/ambipar.com\/latam\/pt\/noticias\/manual-detalha-legislacao-do-transporte-de-cargas-para-empresas-e-poder-publico\/\",\"name\":\"Manual pp15 detalha legisla\\u00e7\\u00e3o do transporte de cargas para empresas\",\"isPartOf\":{\"@id\":\"https:\/\/ambipar.com\/latam\/#website\"},\"primaryImageOfPage\":{\"@id\":\"https:\/\/ambipar.com\/latam\/pt\/noticias\/manual-detalha-legislacao-do-transporte-de-cargas-para-empresas-e-poder-publico\/#primaryimage\"},\"datePublished\":\"2021-05-12T16:21:15+00:00\",\"dateModified\":\"2021-05-27T18:06:06+00:00\",\"description\":\"Publica\\u00e7\\u00e3o ganhar\\u00e1, em breve, vers\\u00e3o online com regulamentos e portarias que minimizam os riscos de acidente em rodovias e ferrovias.\",\"breadcrumb\":{\"@id\":\"https:\/\/ambipar.com\/latam\/pt\/noticias\/manual-detalha-legislacao-do-transporte-de-cargas-para-empresas-e-poder-publico\/#breadcrumb\"},\"inLanguage\":\"es-CL\",\"potentialAction\":[{\"@type\":\"ReadAction\",\"target\":[\"https:\/\/ambipar.com\/latam\/pt\/noticias\/manual-detalha-legislacao-do-transporte-de-cargas-para-empresas-e-poder-publico\/\"]}]},{\"@type\":\"BreadcrumbList\",\"@id\":\"https:\/\/ambipar.com\/latam\/pt\/noticias\/manual-detalha-legislacao-do-transporte-de-cargas-para-empresas-e-poder-publico\/#breadcrumb\",\"itemListElement\":[{\"@type\":\"ListItem\",\"position\":1,\"name\":\"Home\",\"item\":\"https:\/\/ambipar.com\/latam\/\"},{\"@type\":\"ListItem\",\"position\":2,\"name\":\"Noticias\",\"item\":\"https:\/\/ambipar.com\/latam\/pt\/noticias\/\"},{\"@type\":\"ListItem\",\"position\":3,\"name\":\"Manual detalha legisla\\u00e7\\u00e3o do transporte de cargas para empresas e poder p\\u00fablico\"}]}]}<\/script>\n<!-- \/ Yoast SEO plugin. -->","yoast_head_json":{"title":"Manual pp15 detalha legisla\u00e7\u00e3o do transporte de cargas para empresas","description":"Publica\u00e7\u00e3o ganhar\u00e1, em breve, vers\u00e3o online com regulamentos e portarias que minimizam os riscos de acidente em rodovias e ferrovias.","robots":{"index":"index","follow":"follow","max-snippet":"max-snippet:-1","max-image-preview":"max-image-preview:large","max-video-preview":"max-video-preview:-1"},"canonical":"https:\/\/ambipar.com\/latam\/pt\/noticias\/manual-detalha-legislacao-do-transporte-de-cargas-para-empresas-e-poder-publico\/","og_locale":"es_ES","og_type":"article","og_title":"Manual pp15 detalha legisla\u00e7\u00e3o do transporte de cargas para empresas","og_description":"Publica\u00e7\u00e3o ganhar\u00e1, em breve, vers\u00e3o online com regulamentos e portarias que minimizam os riscos de acidente em rodovias e ferrovias.","og_url":"https:\/\/ambipar.com\/latam\/pt\/noticias\/manual-detalha-legislacao-do-transporte-de-cargas-para-empresas-e-poder-publico\/","og_site_name":"Ambipar. A l\u00edder em gest\u00e3o ambiental.","article_modified_time":"2021-05-27T18:06:06+00:00","og_image":[{"width":1920,"height":938,"url":"https:\/\/ambipar.com\/latam\/wp-content\/uploads\/2021\/05\/manualpp15-1.jpg","type":"image\/jpeg"}],"twitter_card":"summary_large_image","twitter_misc":{"Est. reading time":"6 minutos"},"schema":{"@context":"https:\/\/schema.org","@graph":[{"@type":"Organization","@id":"https:\/\/ambipar.com\/latam\/#organization","name":"Ambipar","url":"https:\/\/ambipar.com\/latam\/","sameAs":[],"logo":{"@type":"ImageObject","@id":"https:\/\/ambipar.com\/latam\/#logo","inLanguage":"es-CL","url":"https:\/\/ambipar.com\/latam\/wp-content\/uploads\/2020\/10\/ambipar_color.png","contentUrl":"https:\/\/ambipar.com\/latam\/wp-content\/uploads\/2020\/10\/ambipar_color.png","width":174,"height":107,"caption":"Ambipar"},"image":{"@id":"https:\/\/ambipar.com\/latam\/#logo"}},{"@type":"WebSite","@id":"https:\/\/ambipar.com\/latam\/#website","url":"https:\/\/ambipar.com\/latam\/","name":"Ambipar. A l\u00edder em gest\u00e3o ambiental.","description":"Pioneira em solu\u00e7\u00f5es ambientais, a Ambipar atua em todo o territ\u00f3rio nacional oferecendo solu\u00e7\u00f5es integradas para toda a cadeia de neg\u00f3cio.","publisher":{"@id":"https:\/\/ambipar.com\/latam\/#organization"},"potentialAction":[{"@type":"SearchAction","target":{"@type":"EntryPoint","urlTemplate":"https:\/\/ambipar.com\/latam\/?s={search_term_string}"},"query-input":"required name=search_term_string"}],"inLanguage":"es-CL"},{"@type":"ImageObject","@id":"https:\/\/ambipar.com\/latam\/pt\/noticias\/manual-detalha-legislacao-do-transporte-de-cargas-para-empresas-e-poder-publico\/#primaryimage","inLanguage":"es-CL","url":"https:\/\/ambipar.com\/latam\/wp-content\/uploads\/2021\/05\/manualpp15-1.jpg","contentUrl":"https:\/\/ambipar.com\/latam\/wp-content\/uploads\/2021\/05\/manualpp15-1.jpg","width":1920,"height":938,"caption":"Manual PP15"},{"@type":"WebPage","@id":"https:\/\/ambipar.com\/latam\/pt\/noticias\/manual-detalha-legislacao-do-transporte-de-cargas-para-empresas-e-poder-publico\/#webpage","url":"https:\/\/ambipar.com\/latam\/pt\/noticias\/manual-detalha-legislacao-do-transporte-de-cargas-para-empresas-e-poder-publico\/","name":"Manual pp15 detalha legisla\u00e7\u00e3o do transporte de cargas para empresas","isPartOf":{"@id":"https:\/\/ambipar.com\/latam\/#website"},"primaryImageOfPage":{"@id":"https:\/\/ambipar.com\/latam\/pt\/noticias\/manual-detalha-legislacao-do-transporte-de-cargas-para-empresas-e-poder-publico\/#primaryimage"},"datePublished":"2021-05-12T16:21:15+00:00","dateModified":"2021-05-27T18:06:06+00:00","description":"Publica\u00e7\u00e3o ganhar\u00e1, em breve, vers\u00e3o online com regulamentos e portarias que minimizam os riscos de acidente em rodovias e ferrovias.","breadcrumb":{"@id":"https:\/\/ambipar.com\/latam\/pt\/noticias\/manual-detalha-legislacao-do-transporte-de-cargas-para-empresas-e-poder-publico\/#breadcrumb"},"inLanguage":"es-CL","potentialAction":[{"@type":"ReadAction","target":["https:\/\/ambipar.com\/latam\/pt\/noticias\/manual-detalha-legislacao-do-transporte-de-cargas-para-empresas-e-poder-publico\/"]}]},{"@type":"BreadcrumbList","@id":"https:\/\/ambipar.com\/latam\/pt\/noticias\/manual-detalha-legislacao-do-transporte-de-cargas-para-empresas-e-poder-publico\/#breadcrumb","itemListElement":[{"@type":"ListItem","position":1,"name":"Home","item":"https:\/\/ambipar.com\/latam\/"},{"@type":"ListItem","position":2,"name":"Noticias","item":"https:\/\/ambipar.com\/latam\/pt\/noticias\/"},{"@type":"ListItem","position":3,"name":"Manual detalha legisla\u00e7\u00e3o do transporte de cargas para empresas e poder p\u00fablico"}]}]}},"_links":{"self":[{"href":"https:\/\/ambipar.com\/latam\/wp-json\/wp\/v2\/noticia\/3450"}],"collection":[{"href":"https:\/\/ambipar.com\/latam\/wp-json\/wp\/v2\/noticia"}],"about":[{"href":"https:\/\/ambipar.com\/latam\/wp-json\/wp\/v2\/types\/noticia"}],"wp:featuredmedia":[{"embeddable":true,"href":"https:\/\/ambipar.com\/latam\/wp-json\/wp\/v2\/media\/3452"}],"wp:attachment":[{"href":"https:\/\/ambipar.com\/latam\/wp-json\/wp\/v2\/media?parent=3450"}],"wp:term":[{"taxonomy":"category","embeddable":true,"href":"https:\/\/ambipar.com\/latam\/wp-json\/wp\/v2\/categories?post=3450"}],"curies":[{"name":"wp","href":"https:\/\/api.w.org\/{rel}","templated":true}]}}