{"id":4789,"date":"2022-04-19T15:11:00","date_gmt":"2022-04-19T19:11:00","guid":{"rendered":"https:\/\/ambipar.com\/latam\/?post_type=noticia&#038;p=4789"},"modified":"2022-09-26T15:29:14","modified_gmt":"2022-09-26T18:29:14","slug":"en-sociedad-con-mackenzie-ambipar-da-la-bienvenida-a-los-estudiantes-al-complejo-operativo-de-nova-odessa","status":"publish","type":"noticia","link":"https:\/\/ambipar.com\/latam\/noticias\/en-sociedad-con-mackenzie-ambipar-da-la-bienvenida-a-los-estudiantes-al-complejo-operativo-de-nova-odessa\/","title":{"rendered":"En sociedad con Mackenzie, Ambipar da la bienvenida a los estudiantes al Complejo Operativo de Nova Odessa"},"content":{"rendered":"\n<p>Ambipar, multinacional brasile\u00f1a, l\u00edder en gesti\u00f3n ambiental, firm\u00f3 recientemente un convenio de cooperaci\u00f3n acad\u00e9mico-cient\u00edfica con la Universidade Presbiteriana Mackenzie (UPM), para desarrollar profesionales, conocimientos y tecnolog\u00eda, con el fin de promover la valorizaci\u00f3n de residuos y la econom\u00eda circular. El pasado jueves (7), estudiantes de Ingenier\u00eda de Producci\u00f3n de los semestres 9 y 3 se reunieron para conocer todo el Complejo Operativo de Nova Odessa-SP.<\/p>\n\n\n\n<p>\u201cNuestro objetivo es hacer de Brasil una referencia en econom\u00eda circular. Para ello, estamos estableciendo alianzas como esta, enfocada en la educaci\u00f3n superior, para el desarrollo de bases cient\u00edficas y tecnol\u00f3gicas. Mi experiencia como docente y el trabajo que desarrollo en Ambipar me motivan a desarrollar proyectos que aborden ESG en diversos \u00e1mbitos. Creemos que este ser\u00e1 el primero de muchos proyectos con universidades de todo Brasil\u201d, dice Rafael Tello, director de Sostenibilidad de Ambipar.<\/p>\n\n\n\n<div class=\"wp-block-image\"><figure class=\"aligncenter size-large is-resized\"><img src=\"https:\/\/ambipar.com\/site2020\/wp-content\/uploads\/2022\/04\/WhatsApp-Image-2022-04-18-at-16.20.22-700x525.jpeg\" alt=\"\" class=\"wp-image-5388\" width=\"525\" height=\"394\"\/><\/figure><\/div>\n\n\n\n<p>Un total de 14 estudiantes dieron inicio a la asociaci\u00f3n, abriendo las puertas para que muchos otros estudiantes se motiven a crear proyectos de sostenibilidad. Apenas llegaron, tuvieron una charla de presentaci\u00f3n de la empresa, a cargo de Leon Tonwdoski, director general de Grupo Ambipar, en el edificio Hazmat Training Center (HTC). Conocieron los dos frentes que segmentan la empresa: Respuesta y Medio Ambiente, adem\u00e1s de conocer la representaci\u00f3n nacional e internacional de la empresa.<\/p>\n\n\n\n<p>Luego, Adilson Ara\u00fajo, Coordinador de Capacitaci\u00f3n en Respuesta, habl\u00f3 sobre el Centro de Capacitaci\u00f3n Multimodal de Ambipar, el m\u00e1s grande de Am\u00e9rica Latina. Los alumnos pudieron conocer cada rinc\u00f3n del espacio reservado a equipos y empresas que buscan mejorar. \u201cEs un honor recibir a estudiantes tan j\u00f3venes y ya interesados \u200b\u200ben causas ambientales. Como siempre le digo a todo el que pasa: trabajamos con prevenci\u00f3n, preparaci\u00f3n y respuesta. Esto es lo que califica nuestros servicios. Ojal\u00e1 vuelvan a Ambipar y, qui\u00e9n sabe, como colaboradores\u201d, dice Ara\u00fajo.<\/p>\n\n\n\n<div class=\"wp-block-image\"><figure class=\"aligncenter size-large is-resized\"><img src=\"https:\/\/ambipar.com\/site2020\/wp-content\/uploads\/2022\/04\/WhatsApp-Image-2022-04-18-at-16.19.14-3-700x525.jpeg\" alt=\"\" class=\"wp-image-5390\" width=\"525\" height=\"394\"\/><\/figure><\/div>\n\n\n\n<p>\u201cEstoy encantada con el Centro de Formaci\u00f3n. Me gust\u00f3 saber c\u00f3mo funciona cada parte y es bastante curioso. No sab\u00eda que los soldados ven\u00edan a entrenar aqu\u00ed. La empresa me sorprendi\u00f3 mucho\u201d, dice Marina Gon\u00e7alves, 21 a\u00f1os, estudiante del 9\u00ba semestre de Ingenier\u00eda de Producci\u00f3n, sobre las actividades de Ambipar Response<\/p>\n\n\n\n<div class=\"wp-block-image\"><figure class=\"aligncenter size-large is-resized\"><img src=\"https:\/\/ambipar.com\/site2020\/wp-content\/uploads\/2022\/04\/WhatsApp-Image-2022-04-18-at-16.19.14-2-700x525.jpeg\" alt=\"\" class=\"wp-image-5389\" width=\"525\" height=\"394\"\/><\/figure><\/div>\n\n\n\n<h2>Dentro del complejo<\/h2>\n\n\n\n<p>Gabriel Estevam Domingos, Director de I+D+i \u2013 Investigaci\u00f3n, Desarrollo e Innovaci\u00f3n, condujo el resto de la visita. Empezando por el Centro de Control y Gesti\u00f3n de Emergencias (CECOE) mostrando todo el apoyo que la compa\u00f1\u00eda da a las operaciones de respuesta a emergencias en la comunicaci\u00f3n entre el trabajo que realizan en campo las bases y los decisores en la estructura cliente.<\/p>\n\n\n\n<p>Posteriormente, visitaron Eco Horta, un proyecto creado para fomentar h\u00e1bitos alimentarios m\u00e1s saludables y el trabajo en equipo, donde los propios trabajadores plantan y cosechan hortalizas. Vieron el Deixaki Ambify, un contenedor totalmente automatizado para recibir residuos reciclables. Tambi\u00e9n conocieron el Sistema de Re\u00faso de Agua, equipo con capacidad de almacenamiento de 60 mil litros. Poco despu\u00e9s, acudieron al Laboratorio de Investigaci\u00f3n, Desarrollo e Innovaci\u00f3n (I+D+i) para conocer de cerca algunos de los materiales patentados por el grupo.<\/p>\n\n\n\n<p>\u201cSiempre he estado convencido de que el desarrollo depende de la investigaci\u00f3n, la tecnolog\u00eda y la mano de obra calificada para hacer cosas diferentes. Cuando me dieron la oportunidad de liderar este movimiento, lo vi como una gran oportunidad para trabajar en el modelo de cooperaci\u00f3n universidad\/empresa, donde tenemos la capacidad de escuchar a la industria\/mercado, la capacidad de traducir estas demandas en proyectos, ideales y productos.\u201d, presenta Tello.<\/p>\n\n\n\n<p>El convenio prev\u00e9 la oferta de becas de iniciaci\u00f3n cient\u00edfica y tecnol\u00f3gica, becas de m\u00e1ster y financiaci\u00f3n de proyectos de investigaci\u00f3n. \u201cIniciamos la alianza por un hub de sustentabilidad, donde tenemos a Ambipar como nuestro primer gran aliado. La asociaci\u00f3n involucra la parte acad\u00e9mica y de investigaci\u00f3n. Lo extenderemos a cursos de especializaci\u00f3n, con la participaci\u00f3n de profesores\/profesionales de Ambipar, impartiendo m\u00f3dulos de formaci\u00f3n e investigaci\u00f3n lato y strictu sensu\u201d, informa Ala\u00e9rcio Nicolete Junior, profesor de Ingenier\u00eda de Producci\u00f3n de la Universidade Presbiteriana Mackenzie.<\/p>\n\n\n\n<p>\u201cLa carrera de ingenier\u00eda tiene m\u00e1s de 120 a\u00f1os de historia, que ahora nos une con el objetivo com\u00fan de trabajar en una econom\u00eda circular y baja en carbono, nuestro gran desaf\u00edo. Por nuestra parte, como industria, logramos avanzar en los procesos de desarrollo y servicio al cliente y diferenciaci\u00f3n en los negocios y para la universidad, logra tener una conexi\u00f3n con el mercado. De esta forma, podr\u00e1 formar mejores profesionales y desarrollar habilidades para poder servir mejor a la sociedad\u201d, concluye Tello.<\/p>\n","protected":false},"featured_media":4786,"template":"","categories":[226,265,232],"yoast_head":"<!-- This site is optimized with the Yoast SEO plugin v17.6 - https:\/\/yoast.com\/wordpress\/plugins\/seo\/ -->\n<title>Mackenzie, Ambipar y los estudiantes Complejo Operativo deNova Odessa<\/title>\n<meta name=\"description\" content=\"Los estudiantes conocieron las actividades de la empresa y pudieron inspirarse para los proyectos que est\u00e1n desarrollando en el curso de...\" \/>\n<meta name=\"robots\" content=\"index, follow, max-snippet:-1, max-image-preview:large, max-video-preview:-1\" \/>\n<link rel=\"canonical\" href=\"https:\/\/ambipar.com\/latam\/noticias\/en-sociedad-con-mackenzie-ambipar-da-la-bienvenida-a-los-estudiantes-al-complejo-operativo-de-nova-odessa\/\" \/>\n<meta property=\"og:locale\" content=\"es_ES\" \/>\n<meta property=\"og:type\" content=\"article\" \/>\n<meta property=\"og:title\" content=\"Mackenzie, Ambipar y los estudiantes Complejo Operativo deNova Odessa\" \/>\n<meta property=\"og:description\" content=\"Los estudiantes conocieron las actividades de la empresa y pudieron inspirarse para los proyectos que est\u00e1n desarrollando en el curso de...\" \/>\n<meta property=\"og:url\" content=\"https:\/\/ambipar.com\/latam\/noticias\/en-sociedad-con-mackenzie-ambipar-da-la-bienvenida-a-los-estudiantes-al-complejo-operativo-de-nova-odessa\/\" \/>\n<meta property=\"og:site_name\" content=\"Ambipar. A l\u00edder em gest\u00e3o ambiental.\" \/>\n<meta property=\"article:modified_time\" content=\"2022-09-26T18:29:14+00:00\" \/>\n<meta property=\"og:image\" content=\"https:\/\/ambipar.com\/latam\/wp-content\/uploads\/2022\/04\/Em-parceria-com-o-Mackenzie-Ambipar-recebe-alunos-no-Complexo-Operacional-de-Nova-Odessa.jpeg\" \/>\n\t<meta property=\"og:image:width\" content=\"1280\" \/>\n\t<meta property=\"og:image:height\" content=\"720\" \/>\n<meta name=\"twitter:card\" content=\"summary_large_image\" \/>\n<meta name=\"twitter:label1\" content=\"Est. reading time\" \/>\n\t<meta name=\"twitter:data1\" content=\"4 minutos\" \/>\n<script type=\"application\/ld+json\" class=\"yoast-schema-graph\">{\"@context\":\"https:\/\/schema.org\",\"@graph\":[{\"@type\":\"Organization\",\"@id\":\"https:\/\/ambipar.com\/latam\/#organization\",\"name\":\"Ambipar\",\"url\":\"https:\/\/ambipar.com\/latam\/\",\"sameAs\":[],\"logo\":{\"@type\":\"ImageObject\",\"@id\":\"https:\/\/ambipar.com\/latam\/#logo\",\"inLanguage\":\"es-CL\",\"url\":\"https:\/\/ambipar.com\/latam\/wp-content\/uploads\/2020\/10\/ambipar_color.png\",\"contentUrl\":\"https:\/\/ambipar.com\/latam\/wp-content\/uploads\/2020\/10\/ambipar_color.png\",\"width\":174,\"height\":107,\"caption\":\"Ambipar\"},\"image\":{\"@id\":\"https:\/\/ambipar.com\/latam\/#logo\"}},{\"@type\":\"WebSite\",\"@id\":\"https:\/\/ambipar.com\/latam\/#website\",\"url\":\"https:\/\/ambipar.com\/latam\/\",\"name\":\"Ambipar. A l\\u00edder em gest\\u00e3o ambiental.\",\"description\":\"Pioneira em solu\\u00e7\\u00f5es ambientais, a Ambipar atua em todo o territ\\u00f3rio nacional oferecendo solu\\u00e7\\u00f5es integradas para toda a cadeia de neg\\u00f3cio.\",\"publisher\":{\"@id\":\"https:\/\/ambipar.com\/latam\/#organization\"},\"potentialAction\":[{\"@type\":\"SearchAction\",\"target\":{\"@type\":\"EntryPoint\",\"urlTemplate\":\"https:\/\/ambipar.com\/latam\/?s={search_term_string}\"},\"query-input\":\"required name=search_term_string\"}],\"inLanguage\":\"es-CL\"},{\"@type\":\"ImageObject\",\"@id\":\"https:\/\/ambipar.com\/latam\/noticias\/en-sociedad-con-mackenzie-ambipar-da-la-bienvenida-a-los-estudiantes-al-complejo-operativo-de-nova-odessa\/#primaryimage\",\"inLanguage\":\"es-CL\",\"url\":\"https:\/\/ambipar.com\/latam\/wp-content\/uploads\/2022\/04\/Em-parceria-com-o-Mackenzie-Ambipar-recebe-alunos-no-Complexo-Operacional-de-Nova-Odessa.jpeg\",\"contentUrl\":\"https:\/\/ambipar.com\/latam\/wp-content\/uploads\/2022\/04\/Em-parceria-com-o-Mackenzie-Ambipar-recebe-alunos-no-Complexo-Operacional-de-Nova-Odessa.jpeg\",\"width\":1280,\"height\":720,\"caption\":\"Em parceria com o Mackenzie, Ambipar recebe alunos no Complexo Operacional de Nova Odessa\"},{\"@type\":\"WebPage\",\"@id\":\"https:\/\/ambipar.com\/latam\/noticias\/en-sociedad-con-mackenzie-ambipar-da-la-bienvenida-a-los-estudiantes-al-complejo-operativo-de-nova-odessa\/#webpage\",\"url\":\"https:\/\/ambipar.com\/latam\/noticias\/en-sociedad-con-mackenzie-ambipar-da-la-bienvenida-a-los-estudiantes-al-complejo-operativo-de-nova-odessa\/\",\"name\":\"Mackenzie, Ambipar y los estudiantes Complejo Operativo deNova Odessa\",\"isPartOf\":{\"@id\":\"https:\/\/ambipar.com\/latam\/#website\"},\"primaryImageOfPage\":{\"@id\":\"https:\/\/ambipar.com\/latam\/noticias\/en-sociedad-con-mackenzie-ambipar-da-la-bienvenida-a-los-estudiantes-al-complejo-operativo-de-nova-odessa\/#primaryimage\"},\"datePublished\":\"2022-04-19T19:11:00+00:00\",\"dateModified\":\"2022-09-26T18:29:14+00:00\",\"description\":\"Los estudiantes conocieron las actividades de la empresa y pudieron inspirarse para los proyectos que est\\u00e1n desarrollando en el curso de...\",\"breadcrumb\":{\"@id\":\"https:\/\/ambipar.com\/latam\/noticias\/en-sociedad-con-mackenzie-ambipar-da-la-bienvenida-a-los-estudiantes-al-complejo-operativo-de-nova-odessa\/#breadcrumb\"},\"inLanguage\":\"es-CL\",\"potentialAction\":[{\"@type\":\"ReadAction\",\"target\":[\"https:\/\/ambipar.com\/latam\/noticias\/en-sociedad-con-mackenzie-ambipar-da-la-bienvenida-a-los-estudiantes-al-complejo-operativo-de-nova-odessa\/\"]}]},{\"@type\":\"BreadcrumbList\",\"@id\":\"https:\/\/ambipar.com\/latam\/noticias\/en-sociedad-con-mackenzie-ambipar-da-la-bienvenida-a-los-estudiantes-al-complejo-operativo-de-nova-odessa\/#breadcrumb\",\"itemListElement\":[{\"@type\":\"ListItem\",\"position\":1,\"name\":\"Home\",\"item\":\"https:\/\/ambipar.com\/latam\/\"},{\"@type\":\"ListItem\",\"position\":2,\"name\":\"Noticias\",\"item\":\"https:\/\/ambipar.com\/latam\/pt\/noticias\/\"},{\"@type\":\"ListItem\",\"position\":3,\"name\":\"En sociedad con Mackenzie, Ambipar da la bienvenida a los estudiantes al Complejo Operativo de Nova Odessa\"}]}]}<\/script>\n<!-- \/ Yoast SEO plugin. -->","yoast_head_json":{"title":"Mackenzie, Ambipar y los estudiantes Complejo Operativo deNova Odessa","description":"Los estudiantes conocieron las actividades de la empresa y pudieron inspirarse para los proyectos que est\u00e1n desarrollando en el curso de...","robots":{"index":"index","follow":"follow","max-snippet":"max-snippet:-1","max-image-preview":"max-image-preview:large","max-video-preview":"max-video-preview:-1"},"canonical":"https:\/\/ambipar.com\/latam\/noticias\/en-sociedad-con-mackenzie-ambipar-da-la-bienvenida-a-los-estudiantes-al-complejo-operativo-de-nova-odessa\/","og_locale":"es_ES","og_type":"article","og_title":"Mackenzie, Ambipar y los estudiantes Complejo Operativo deNova Odessa","og_description":"Los estudiantes conocieron las actividades de la empresa y pudieron inspirarse para los proyectos que est\u00e1n desarrollando en el curso de...","og_url":"https:\/\/ambipar.com\/latam\/noticias\/en-sociedad-con-mackenzie-ambipar-da-la-bienvenida-a-los-estudiantes-al-complejo-operativo-de-nova-odessa\/","og_site_name":"Ambipar. A l\u00edder em gest\u00e3o ambiental.","article_modified_time":"2022-09-26T18:29:14+00:00","og_image":[{"width":1280,"height":720,"url":"https:\/\/ambipar.com\/latam\/wp-content\/uploads\/2022\/04\/Em-parceria-com-o-Mackenzie-Ambipar-recebe-alunos-no-Complexo-Operacional-de-Nova-Odessa.jpeg","type":"image\/jpeg"}],"twitter_card":"summary_large_image","twitter_misc":{"Est. reading time":"4 minutos"},"schema":{"@context":"https:\/\/schema.org","@graph":[{"@type":"Organization","@id":"https:\/\/ambipar.com\/latam\/#organization","name":"Ambipar","url":"https:\/\/ambipar.com\/latam\/","sameAs":[],"logo":{"@type":"ImageObject","@id":"https:\/\/ambipar.com\/latam\/#logo","inLanguage":"es-CL","url":"https:\/\/ambipar.com\/latam\/wp-content\/uploads\/2020\/10\/ambipar_color.png","contentUrl":"https:\/\/ambipar.com\/latam\/wp-content\/uploads\/2020\/10\/ambipar_color.png","width":174,"height":107,"caption":"Ambipar"},"image":{"@id":"https:\/\/ambipar.com\/latam\/#logo"}},{"@type":"WebSite","@id":"https:\/\/ambipar.com\/latam\/#website","url":"https:\/\/ambipar.com\/latam\/","name":"Ambipar. A l\u00edder em gest\u00e3o ambiental.","description":"Pioneira em solu\u00e7\u00f5es ambientais, a Ambipar atua em todo o territ\u00f3rio nacional oferecendo solu\u00e7\u00f5es integradas para toda a cadeia de neg\u00f3cio.","publisher":{"@id":"https:\/\/ambipar.com\/latam\/#organization"},"potentialAction":[{"@type":"SearchAction","target":{"@type":"EntryPoint","urlTemplate":"https:\/\/ambipar.com\/latam\/?s={search_term_string}"},"query-input":"required name=search_term_string"}],"inLanguage":"es-CL"},{"@type":"ImageObject","@id":"https:\/\/ambipar.com\/latam\/noticias\/en-sociedad-con-mackenzie-ambipar-da-la-bienvenida-a-los-estudiantes-al-complejo-operativo-de-nova-odessa\/#primaryimage","inLanguage":"es-CL","url":"https:\/\/ambipar.com\/latam\/wp-content\/uploads\/2022\/04\/Em-parceria-com-o-Mackenzie-Ambipar-recebe-alunos-no-Complexo-Operacional-de-Nova-Odessa.jpeg","contentUrl":"https:\/\/ambipar.com\/latam\/wp-content\/uploads\/2022\/04\/Em-parceria-com-o-Mackenzie-Ambipar-recebe-alunos-no-Complexo-Operacional-de-Nova-Odessa.jpeg","width":1280,"height":720,"caption":"Em parceria com o Mackenzie, Ambipar recebe alunos no Complexo Operacional de Nova Odessa"},{"@type":"WebPage","@id":"https:\/\/ambipar.com\/latam\/noticias\/en-sociedad-con-mackenzie-ambipar-da-la-bienvenida-a-los-estudiantes-al-complejo-operativo-de-nova-odessa\/#webpage","url":"https:\/\/ambipar.com\/latam\/noticias\/en-sociedad-con-mackenzie-ambipar-da-la-bienvenida-a-los-estudiantes-al-complejo-operativo-de-nova-odessa\/","name":"Mackenzie, Ambipar y los estudiantes Complejo Operativo deNova Odessa","isPartOf":{"@id":"https:\/\/ambipar.com\/latam\/#website"},"primaryImageOfPage":{"@id":"https:\/\/ambipar.com\/latam\/noticias\/en-sociedad-con-mackenzie-ambipar-da-la-bienvenida-a-los-estudiantes-al-complejo-operativo-de-nova-odessa\/#primaryimage"},"datePublished":"2022-04-19T19:11:00+00:00","dateModified":"2022-09-26T18:29:14+00:00","description":"Los estudiantes conocieron las actividades de la empresa y pudieron inspirarse para los proyectos que est\u00e1n desarrollando en el curso de...","breadcrumb":{"@id":"https:\/\/ambipar.com\/latam\/noticias\/en-sociedad-con-mackenzie-ambipar-da-la-bienvenida-a-los-estudiantes-al-complejo-operativo-de-nova-odessa\/#breadcrumb"},"inLanguage":"es-CL","potentialAction":[{"@type":"ReadAction","target":["https:\/\/ambipar.com\/latam\/noticias\/en-sociedad-con-mackenzie-ambipar-da-la-bienvenida-a-los-estudiantes-al-complejo-operativo-de-nova-odessa\/"]}]},{"@type":"BreadcrumbList","@id":"https:\/\/ambipar.com\/latam\/noticias\/en-sociedad-con-mackenzie-ambipar-da-la-bienvenida-a-los-estudiantes-al-complejo-operativo-de-nova-odessa\/#breadcrumb","itemListElement":[{"@type":"ListItem","position":1,"name":"Home","item":"https:\/\/ambipar.com\/latam\/"},{"@type":"ListItem","position":2,"name":"Noticias","item":"https:\/\/ambipar.com\/latam\/pt\/noticias\/"},{"@type":"ListItem","position":3,"name":"En sociedad con Mackenzie, Ambipar da la bienvenida a los estudiantes al Complejo Operativo de Nova Odessa"}]}]}},"_links":{"self":[{"href":"https:\/\/ambipar.com\/latam\/wp-json\/wp\/v2\/noticia\/4789"}],"collection":[{"href":"https:\/\/ambipar.com\/latam\/wp-json\/wp\/v2\/noticia"}],"about":[{"href":"https:\/\/ambipar.com\/latam\/wp-json\/wp\/v2\/types\/noticia"}],"wp:featuredmedia":[{"embeddable":true,"href":"https:\/\/ambipar.com\/latam\/wp-json\/wp\/v2\/media\/4786"}],"wp:attachment":[{"href":"https:\/\/ambipar.com\/latam\/wp-json\/wp\/v2\/media?parent=4789"}],"wp:term":[{"taxonomy":"category","embeddable":true,"href":"https:\/\/ambipar.com\/latam\/wp-json\/wp\/v2\/categories?post=4789"}],"curies":[{"name":"wp","href":"https:\/\/api.w.org\/{rel}","templated":true}]}}