{"id":5542,"date":"2024-03-15T13:04:00","date_gmt":"2024-03-15T16:04:00","guid":{"rendered":"https:\/\/ambipar.com\/latam\/?post_type=noticia&#038;p=5542"},"modified":"2024-06-14T13:06:11","modified_gmt":"2024-06-14T17:06:11","slug":"alta-en-el-credito-de-reciclaje-en-brasil","status":"publish","type":"noticia","link":"https:\/\/ambipar.com\/latam\/noticias\/alta-en-el-credito-de-reciclaje-en-brasil\/","title":{"rendered":"Alta en el cr\u00e9dito de reciclaje en Brasil"},"content":{"rendered":"\n<p>Ma\u00edra Pereira, directora de Ambipar Environment (Cr\u00e9dito:Divulgaci\u00f3n).<\/p>\n\n\n\n<p>En el momento en que Brasil avanza para establecer reglas para el mercado de cr\u00e9dito de carbono, <strong>otra oportunidad de soluci\u00f3n ambiental que est\u00e1 creciendo r\u00e1pidamente es la del mercado de cr\u00e9dito de reciclaje<\/strong>. Los programas funcionan mediante rastreabilidad y factura, confirmando as\u00ed la destinaci\u00f3n de los envases reciclados.<\/p>\n\n\n\n<p>Cada tonelada recuperada se transforma en un cr\u00e9dito, homologado por el gobierno federal. Creada en 2015 para el cumplimiento de la Pol\u00edtica Nacional de Residuos S\u00f3lidos, <strong>Ambipar Environment ha logrado ampliar las metas de actuaci\u00f3n en este mercado, principalmente a partir de 2021, con la aprobaci\u00f3n, de hecho, de la pol\u00edtica de cr\u00e9dito de reciclaje<\/strong>. En 2022, logr\u00f3 comprobar el reciclaje de 33 mil toneladas. El a\u00f1o pasado, duplic\u00f3 su tama\u00f1o. La expectativa es llegar a 200 mil toneladas en 2026.<\/p>\n\n\n\n<p><em>\u201cLa pol\u00edtica nacional de residuos es un instrumento de inclusi\u00f3n social, de renta y de recuperaci\u00f3n de material\u201d<\/em>, dijo a DINHEIRO <strong>Ma\u00edra Pereira, directora de Ambipar Environment<\/strong>. Pero hay problemas que deben ser tratados: el 63% de los municipios no tienen ning\u00fan tipo de recolecci\u00f3n selectiva y la mitad de las ciudades en Brasil a\u00fan descargan materiales en vertederos. Ah\u00ed est\u00e1 el problema, ya que, sin un trabajo regularizado, no hay factura para la venta de este cr\u00e9dito en parte del pa\u00eds.<\/p>\n\n\n\n<p><em>\u201cEl gran esfuerzo de Ambipar es acelerar el desarrollo de las cooperativas, orientar a los municipios para la implementaci\u00f3n de la recolecci\u00f3n selectiva y organizar esta cadena de la econom\u00eda circular. Por eso es importante estructurar la base\u201d<\/em>, afirm\u00f3 la ejecutiva. <em>\u201cEn el sector privado, hay una regla clara. Las empresas necesitan recuperar, en 2024, el 30% de los envases que ponen en circulaci\u00f3n y, hasta 2040, el 50%. El camino es conocido. Solo es necesario que se recorra de manera correcta.\u201d<\/em><\/p>\n\n\n\n<ul><li><a href=\"https:\/\/istoedinheiro.com.br\/alta-no-credito-de-reciclagem-no-brasil\/\" target=\"_blank\" rel=\"noreferrer noopener\">Haga clic aqu\u00ed y lea esta materia en su totalidad.<\/a><\/li><\/ul>\n","protected":false},"featured_media":5518,"template":"","categories":[253,297,226,285,249],"yoast_head":"<!-- This site is optimized with the Yoast SEO plugin v17.6 - https:\/\/yoast.com\/wordpress\/plugins\/seo\/ -->\n<title>Alta en el cr\u00e9dito de reciclaje en Brasil - Ambipar. A l\u00edder em gest\u00e3o ambiental.<\/title>\n<meta name=\"robots\" content=\"index, follow, max-snippet:-1, max-image-preview:large, max-video-preview:-1\" \/>\n<link rel=\"canonical\" href=\"https:\/\/ambipar.com\/latam\/noticias\/alta-en-el-credito-de-reciclaje-en-brasil\/\" \/>\n<meta property=\"og:locale\" content=\"es_ES\" \/>\n<meta property=\"og:type\" content=\"article\" \/>\n<meta property=\"og:title\" content=\"Alta en el cr\u00e9dito de reciclaje en Brasil - Ambipar. A l\u00edder em gest\u00e3o ambiental.\" \/>\n<meta property=\"og:description\" content=\"Ma\u00edra Pereira, directora de Ambipar Environment (Cr\u00e9dito:Divulgaci\u00f3n). En el momento en que Brasil avanza para establecer reglas para el mercado de cr\u00e9dito de carbono, otra oportunidad de soluci\u00f3n ambiental que est\u00e1 creciendo r\u00e1pidamente es la del mercado de cr\u00e9dito de reciclaje. Los programas funcionan mediante rastreabilidad y factura, confirmando as\u00ed la destinaci\u00f3n de los envases... Ver art\u00edculo\" \/>\n<meta property=\"og:url\" content=\"https:\/\/ambipar.com\/latam\/noticias\/alta-en-el-credito-de-reciclaje-en-brasil\/\" \/>\n<meta property=\"og:site_name\" content=\"Ambipar. A l\u00edder em gest\u00e3o ambiental.\" \/>\n<meta property=\"article:modified_time\" content=\"2024-06-14T17:06:11+00:00\" \/>\n<meta property=\"og:image\" content=\"https:\/\/ambipar.com\/latam\/wp-content\/uploads\/2024\/06\/Alta-no-credito-de-reciclagem-no-Brasil.jpg\" \/>\n\t<meta property=\"og:image:width\" content=\"1024\" \/>\n\t<meta property=\"og:image:height\" content=\"576\" \/>\n<meta name=\"twitter:card\" content=\"summary_large_image\" \/>\n<meta name=\"twitter:label1\" content=\"Est. reading time\" \/>\n\t<meta name=\"twitter:data1\" content=\"2 minutos\" \/>\n<script type=\"application\/ld+json\" class=\"yoast-schema-graph\">{\"@context\":\"https:\/\/schema.org\",\"@graph\":[{\"@type\":\"Organization\",\"@id\":\"https:\/\/ambipar.com\/latam\/#organization\",\"name\":\"Ambipar\",\"url\":\"https:\/\/ambipar.com\/latam\/\",\"sameAs\":[],\"logo\":{\"@type\":\"ImageObject\",\"@id\":\"https:\/\/ambipar.com\/latam\/#logo\",\"inLanguage\":\"es-CL\",\"url\":\"https:\/\/ambipar.com\/latam\/wp-content\/uploads\/2020\/10\/ambipar_color.png\",\"contentUrl\":\"https:\/\/ambipar.com\/latam\/wp-content\/uploads\/2020\/10\/ambipar_color.png\",\"width\":174,\"height\":107,\"caption\":\"Ambipar\"},\"image\":{\"@id\":\"https:\/\/ambipar.com\/latam\/#logo\"}},{\"@type\":\"WebSite\",\"@id\":\"https:\/\/ambipar.com\/latam\/#website\",\"url\":\"https:\/\/ambipar.com\/latam\/\",\"name\":\"Ambipar. A l\\u00edder em gest\\u00e3o ambiental.\",\"description\":\"Pioneira em solu\\u00e7\\u00f5es ambientais, a Ambipar atua em todo o territ\\u00f3rio nacional oferecendo solu\\u00e7\\u00f5es integradas para toda a cadeia de neg\\u00f3cio.\",\"publisher\":{\"@id\":\"https:\/\/ambipar.com\/latam\/#organization\"},\"potentialAction\":[{\"@type\":\"SearchAction\",\"target\":{\"@type\":\"EntryPoint\",\"urlTemplate\":\"https:\/\/ambipar.com\/latam\/?s={search_term_string}\"},\"query-input\":\"required name=search_term_string\"}],\"inLanguage\":\"es-CL\"},{\"@type\":\"ImageObject\",\"@id\":\"https:\/\/ambipar.com\/latam\/noticias\/alta-en-el-credito-de-reciclaje-en-brasil\/#primaryimage\",\"inLanguage\":\"es-CL\",\"url\":\"https:\/\/ambipar.com\/latam\/wp-content\/uploads\/2024\/06\/Alta-no-credito-de-reciclagem-no-Brasil.jpg\",\"contentUrl\":\"https:\/\/ambipar.com\/latam\/wp-content\/uploads\/2024\/06\/Alta-no-credito-de-reciclagem-no-Brasil.jpg\",\"width\":1024,\"height\":576},{\"@type\":\"WebPage\",\"@id\":\"https:\/\/ambipar.com\/latam\/noticias\/alta-en-el-credito-de-reciclaje-en-brasil\/#webpage\",\"url\":\"https:\/\/ambipar.com\/latam\/noticias\/alta-en-el-credito-de-reciclaje-en-brasil\/\",\"name\":\"Alta en el cr\\u00e9dito de reciclaje en Brasil - Ambipar. A l\\u00edder em gest\\u00e3o ambiental.\",\"isPartOf\":{\"@id\":\"https:\/\/ambipar.com\/latam\/#website\"},\"primaryImageOfPage\":{\"@id\":\"https:\/\/ambipar.com\/latam\/noticias\/alta-en-el-credito-de-reciclaje-en-brasil\/#primaryimage\"},\"datePublished\":\"2024-03-15T16:04:00+00:00\",\"dateModified\":\"2024-06-14T17:06:11+00:00\",\"breadcrumb\":{\"@id\":\"https:\/\/ambipar.com\/latam\/noticias\/alta-en-el-credito-de-reciclaje-en-brasil\/#breadcrumb\"},\"inLanguage\":\"es-CL\",\"potentialAction\":[{\"@type\":\"ReadAction\",\"target\":[\"https:\/\/ambipar.com\/latam\/noticias\/alta-en-el-credito-de-reciclaje-en-brasil\/\"]}]},{\"@type\":\"BreadcrumbList\",\"@id\":\"https:\/\/ambipar.com\/latam\/noticias\/alta-en-el-credito-de-reciclaje-en-brasil\/#breadcrumb\",\"itemListElement\":[{\"@type\":\"ListItem\",\"position\":1,\"name\":\"Home\",\"item\":\"https:\/\/ambipar.com\/latam\/\"},{\"@type\":\"ListItem\",\"position\":2,\"name\":\"Noticias\",\"item\":\"https:\/\/ambipar.com\/latam\/pt\/noticias\/\"},{\"@type\":\"ListItem\",\"position\":3,\"name\":\"Alta en el cr\\u00e9dito de reciclaje en Brasil\"}]}]}<\/script>\n<!-- \/ Yoast SEO plugin. -->","yoast_head_json":{"title":"Alta en el cr\u00e9dito de reciclaje en Brasil - Ambipar. A l\u00edder em gest\u00e3o ambiental.","robots":{"index":"index","follow":"follow","max-snippet":"max-snippet:-1","max-image-preview":"max-image-preview:large","max-video-preview":"max-video-preview:-1"},"canonical":"https:\/\/ambipar.com\/latam\/noticias\/alta-en-el-credito-de-reciclaje-en-brasil\/","og_locale":"es_ES","og_type":"article","og_title":"Alta en el cr\u00e9dito de reciclaje en Brasil - Ambipar. A l\u00edder em gest\u00e3o ambiental.","og_description":"Ma\u00edra Pereira, directora de Ambipar Environment (Cr\u00e9dito:Divulgaci\u00f3n). En el momento en que Brasil avanza para establecer reglas para el mercado de cr\u00e9dito de carbono, otra oportunidad de soluci\u00f3n ambiental que est\u00e1 creciendo r\u00e1pidamente es la del mercado de cr\u00e9dito de reciclaje. Los programas funcionan mediante rastreabilidad y factura, confirmando as\u00ed la destinaci\u00f3n de los envases... Ver art\u00edculo","og_url":"https:\/\/ambipar.com\/latam\/noticias\/alta-en-el-credito-de-reciclaje-en-brasil\/","og_site_name":"Ambipar. A l\u00edder em gest\u00e3o ambiental.","article_modified_time":"2024-06-14T17:06:11+00:00","og_image":[{"width":1024,"height":576,"url":"https:\/\/ambipar.com\/latam\/wp-content\/uploads\/2024\/06\/Alta-no-credito-de-reciclagem-no-Brasil.jpg","type":"image\/jpeg"}],"twitter_card":"summary_large_image","twitter_misc":{"Est. reading time":"2 minutos"},"schema":{"@context":"https:\/\/schema.org","@graph":[{"@type":"Organization","@id":"https:\/\/ambipar.com\/latam\/#organization","name":"Ambipar","url":"https:\/\/ambipar.com\/latam\/","sameAs":[],"logo":{"@type":"ImageObject","@id":"https:\/\/ambipar.com\/latam\/#logo","inLanguage":"es-CL","url":"https:\/\/ambipar.com\/latam\/wp-content\/uploads\/2020\/10\/ambipar_color.png","contentUrl":"https:\/\/ambipar.com\/latam\/wp-content\/uploads\/2020\/10\/ambipar_color.png","width":174,"height":107,"caption":"Ambipar"},"image":{"@id":"https:\/\/ambipar.com\/latam\/#logo"}},{"@type":"WebSite","@id":"https:\/\/ambipar.com\/latam\/#website","url":"https:\/\/ambipar.com\/latam\/","name":"Ambipar. A l\u00edder em gest\u00e3o ambiental.","description":"Pioneira em solu\u00e7\u00f5es ambientais, a Ambipar atua em todo o territ\u00f3rio nacional oferecendo solu\u00e7\u00f5es integradas para toda a cadeia de neg\u00f3cio.","publisher":{"@id":"https:\/\/ambipar.com\/latam\/#organization"},"potentialAction":[{"@type":"SearchAction","target":{"@type":"EntryPoint","urlTemplate":"https:\/\/ambipar.com\/latam\/?s={search_term_string}"},"query-input":"required name=search_term_string"}],"inLanguage":"es-CL"},{"@type":"ImageObject","@id":"https:\/\/ambipar.com\/latam\/noticias\/alta-en-el-credito-de-reciclaje-en-brasil\/#primaryimage","inLanguage":"es-CL","url":"https:\/\/ambipar.com\/latam\/wp-content\/uploads\/2024\/06\/Alta-no-credito-de-reciclagem-no-Brasil.jpg","contentUrl":"https:\/\/ambipar.com\/latam\/wp-content\/uploads\/2024\/06\/Alta-no-credito-de-reciclagem-no-Brasil.jpg","width":1024,"height":576},{"@type":"WebPage","@id":"https:\/\/ambipar.com\/latam\/noticias\/alta-en-el-credito-de-reciclaje-en-brasil\/#webpage","url":"https:\/\/ambipar.com\/latam\/noticias\/alta-en-el-credito-de-reciclaje-en-brasil\/","name":"Alta en el cr\u00e9dito de reciclaje en Brasil - Ambipar. A l\u00edder em gest\u00e3o ambiental.","isPartOf":{"@id":"https:\/\/ambipar.com\/latam\/#website"},"primaryImageOfPage":{"@id":"https:\/\/ambipar.com\/latam\/noticias\/alta-en-el-credito-de-reciclaje-en-brasil\/#primaryimage"},"datePublished":"2024-03-15T16:04:00+00:00","dateModified":"2024-06-14T17:06:11+00:00","breadcrumb":{"@id":"https:\/\/ambipar.com\/latam\/noticias\/alta-en-el-credito-de-reciclaje-en-brasil\/#breadcrumb"},"inLanguage":"es-CL","potentialAction":[{"@type":"ReadAction","target":["https:\/\/ambipar.com\/latam\/noticias\/alta-en-el-credito-de-reciclaje-en-brasil\/"]}]},{"@type":"BreadcrumbList","@id":"https:\/\/ambipar.com\/latam\/noticias\/alta-en-el-credito-de-reciclaje-en-brasil\/#breadcrumb","itemListElement":[{"@type":"ListItem","position":1,"name":"Home","item":"https:\/\/ambipar.com\/latam\/"},{"@type":"ListItem","position":2,"name":"Noticias","item":"https:\/\/ambipar.com\/latam\/pt\/noticias\/"},{"@type":"ListItem","position":3,"name":"Alta en el cr\u00e9dito de reciclaje en Brasil"}]}]}},"_links":{"self":[{"href":"https:\/\/ambipar.com\/latam\/wp-json\/wp\/v2\/noticia\/5542"}],"collection":[{"href":"https:\/\/ambipar.com\/latam\/wp-json\/wp\/v2\/noticia"}],"about":[{"href":"https:\/\/ambipar.com\/latam\/wp-json\/wp\/v2\/types\/noticia"}],"wp:featuredmedia":[{"embeddable":true,"href":"https:\/\/ambipar.com\/latam\/wp-json\/wp\/v2\/media\/5518"}],"wp:attachment":[{"href":"https:\/\/ambipar.com\/latam\/wp-json\/wp\/v2\/media?parent=5542"}],"wp:term":[{"taxonomy":"category","embeddable":true,"href":"https:\/\/ambipar.com\/latam\/wp-json\/wp\/v2\/categories?post=5542"}],"curies":[{"name":"wp","href":"https:\/\/api.w.org\/{rel}","templated":true}]}}