{"id":5692,"date":"2024-11-05T19:57:00","date_gmt":"2024-11-05T22:57:00","guid":{"rendered":"https:\/\/ambipar.com\/latam\/noticias\/cnn-talks-entrevista-rafael-tello-vp-de-sostenibilidad-de-ambipar\/"},"modified":"2024-11-05T19:57:00","modified_gmt":"2024-11-05T22:57:00","slug":"cnn-talks-entrevista-rafael-tello-vp-de-sostenibilidad-de-ambipar","status":"publish","type":"noticia","link":"https:\/\/ambipar.com\/latam\/noticias\/cnn-talks-entrevista-rafael-tello-vp-de-sostenibilidad-de-ambipar\/","title":{"rendered":"CNN TALKS entrevista: Rafael Tello, VP de Sostenibilidad de Ambipar"},"content":{"rendered":"\n<p>En esta edici\u00f3n de CNN Talks COP 29: Expectativas para la cumbre clim\u00e1tica, autoridades gubernamentales, l\u00edderes del mercado y expertos anticipan y debaten los principales temas de la pr\u00f3xima cumbre clim\u00e1tica, que se llevar\u00e1 a cabo en Bak\u00fa, Azerbaiy\u00e1n, del 11 al 22 de noviembre.<\/p>\n\n\n\n<p>Los temas tratados incluyen discusiones sobre diagn\u00f3sticos y propuestas para impulsar el sector, que tiene un impacto directo en el desarrollo socioecon\u00f3mico del pa\u00eds y en la vida de los brasile\u00f1os. <a href=\"https:\/\/www.youtube.com\/hashtag\/cnnbrasil\">#CNNBrasil<\/a><\/p>\n\n\n\n<figure class=\"wp-block-embed aligncenter is-type-video is-provider-youtube wp-block-embed-youtube wp-embed-aspect-16-9 wp-has-aspect-ratio\"><div class=\"wp-block-embed__wrapper\">\n<iframe loading=\"lazy\" title=\"CNN TALKS ENTREVISTA: RAFAEL TELLO, VP DE SUSTENTABILIDADE DA AMBIPAR\" width=\"900\" height=\"506\" src=\"https:\/\/www.youtube.com\/embed\/FD1VXFb8BSM?feature=oembed\" frameborder=\"0\" allow=\"accelerometer; autoplay; clipboard-write; encrypted-media; gyroscope; picture-in-picture; web-share\" referrerpolicy=\"strict-origin-when-cross-origin\" allowfullscreen><\/iframe>\n<\/div><\/figure>\n\n\n\n<ul><li><a href=\"https:\/\/www.youtube.com\/watch?v=FD1VXFb8BSM\" target=\"_blank\" rel=\"noreferrer noopener\">Haga clic aqu\u00ed y vea esta entrevista completa.<\/a><\/li><\/ul>\n","protected":false},"featured_media":5693,"template":"","categories":[297,285,232],"yoast_head":"<!-- This site is optimized with the Yoast SEO plugin v17.6 - https:\/\/yoast.com\/wordpress\/plugins\/seo\/ -->\n<title>COP 29 entrevista: Rafael Tello, VP de Sostenibilidad de Ambipar<\/title>\n<meta name=\"description\" content=\"COP 29: Expectativas para la cumbre clim\u00e1tica, autoridades gubernamentales, l\u00edderes del mercado y expertos anticipan y debaten\" \/>\n<meta name=\"robots\" content=\"index, follow, max-snippet:-1, max-image-preview:large, max-video-preview:-1\" \/>\n<link rel=\"canonical\" href=\"https:\/\/ambipar.com\/latam\/noticias\/cnn-talks-entrevista-rafael-tello-vp-de-sostenibilidad-de-ambipar\/\" \/>\n<meta property=\"og:locale\" content=\"es_ES\" \/>\n<meta property=\"og:type\" content=\"article\" \/>\n<meta property=\"og:title\" content=\"COP 29 entrevista: Rafael Tello, VP de Sostenibilidad de Ambipar\" \/>\n<meta property=\"og:description\" content=\"COP 29: Expectativas para la cumbre clim\u00e1tica, autoridades gubernamentales, l\u00edderes del mercado y expertos anticipan y debaten\" \/>\n<meta property=\"og:url\" content=\"https:\/\/ambipar.com\/latam\/noticias\/cnn-talks-entrevista-rafael-tello-vp-de-sostenibilidad-de-ambipar\/\" \/>\n<meta property=\"og:site_name\" content=\"Ambipar. A l\u00edder em gest\u00e3o ambiental.\" \/>\n<meta property=\"og:image\" content=\"https:\/\/ambipar.com\/latam\/wp-content\/uploads\/2024\/11\/CNN-TALKS-ENTREVISTA-RAFAEL-TELLO-VP-DE-SUSTENTABILIDADE-DA-AMBIPAR.jpg\" \/>\n\t<meta property=\"og:image:width\" content=\"1233\" \/>\n\t<meta property=\"og:image:height\" content=\"636\" \/>\n<meta name=\"twitter:card\" content=\"summary_large_image\" \/>\n<meta name=\"twitter:label1\" content=\"Est. reading time\" \/>\n\t<meta name=\"twitter:data1\" content=\"1 minuto\" \/>\n<script type=\"application\/ld+json\" class=\"yoast-schema-graph\">{\"@context\":\"https:\/\/schema.org\",\"@graph\":[{\"@type\":\"Organization\",\"@id\":\"https:\/\/ambipar.com\/latam\/#organization\",\"name\":\"Ambipar\",\"url\":\"https:\/\/ambipar.com\/latam\/\",\"sameAs\":[],\"logo\":{\"@type\":\"ImageObject\",\"@id\":\"https:\/\/ambipar.com\/latam\/#logo\",\"inLanguage\":\"es-CL\",\"url\":\"https:\/\/ambipar.com\/latam\/wp-content\/uploads\/2020\/10\/ambipar_color.png\",\"contentUrl\":\"https:\/\/ambipar.com\/latam\/wp-content\/uploads\/2020\/10\/ambipar_color.png\",\"width\":174,\"height\":107,\"caption\":\"Ambipar\"},\"image\":{\"@id\":\"https:\/\/ambipar.com\/latam\/#logo\"}},{\"@type\":\"WebSite\",\"@id\":\"https:\/\/ambipar.com\/latam\/#website\",\"url\":\"https:\/\/ambipar.com\/latam\/\",\"name\":\"Ambipar. A l\\u00edder em gest\\u00e3o ambiental.\",\"description\":\"Pioneira em solu\\u00e7\\u00f5es ambientais, a Ambipar atua em todo o territ\\u00f3rio nacional oferecendo solu\\u00e7\\u00f5es integradas para toda a cadeia de neg\\u00f3cio.\",\"publisher\":{\"@id\":\"https:\/\/ambipar.com\/latam\/#organization\"},\"potentialAction\":[{\"@type\":\"SearchAction\",\"target\":{\"@type\":\"EntryPoint\",\"urlTemplate\":\"https:\/\/ambipar.com\/latam\/?s={search_term_string}\"},\"query-input\":\"required name=search_term_string\"}],\"inLanguage\":\"es-CL\"},{\"@type\":\"ImageObject\",\"@id\":\"https:\/\/ambipar.com\/latam\/noticias\/cnn-talks-entrevista-rafael-tello-vp-de-sostenibilidad-de-ambipar\/#primaryimage\",\"inLanguage\":\"es-CL\",\"url\":\"https:\/\/ambipar.com\/latam\/wp-content\/uploads\/2024\/11\/CNN-TALKS-ENTREVISTA-RAFAEL-TELLO-VP-DE-SUSTENTABILIDADE-DA-AMBIPAR.jpg\",\"contentUrl\":\"https:\/\/ambipar.com\/latam\/wp-content\/uploads\/2024\/11\/CNN-TALKS-ENTREVISTA-RAFAEL-TELLO-VP-DE-SUSTENTABILIDADE-DA-AMBIPAR.jpg\",\"width\":1233,\"height\":636},{\"@type\":\"WebPage\",\"@id\":\"https:\/\/ambipar.com\/latam\/noticias\/cnn-talks-entrevista-rafael-tello-vp-de-sostenibilidad-de-ambipar\/#webpage\",\"url\":\"https:\/\/ambipar.com\/latam\/noticias\/cnn-talks-entrevista-rafael-tello-vp-de-sostenibilidad-de-ambipar\/\",\"name\":\"COP 29 entrevista: Rafael Tello, VP de Sostenibilidad de Ambipar\",\"isPartOf\":{\"@id\":\"https:\/\/ambipar.com\/latam\/#website\"},\"primaryImageOfPage\":{\"@id\":\"https:\/\/ambipar.com\/latam\/noticias\/cnn-talks-entrevista-rafael-tello-vp-de-sostenibilidad-de-ambipar\/#primaryimage\"},\"datePublished\":\"2024-11-05T22:57:00+00:00\",\"dateModified\":\"2024-11-05T22:57:00+00:00\",\"description\":\"COP 29: Expectativas para la cumbre clim\\u00e1tica, autoridades gubernamentales, l\\u00edderes del mercado y expertos anticipan y debaten\",\"breadcrumb\":{\"@id\":\"https:\/\/ambipar.com\/latam\/noticias\/cnn-talks-entrevista-rafael-tello-vp-de-sostenibilidad-de-ambipar\/#breadcrumb\"},\"inLanguage\":\"es-CL\",\"potentialAction\":[{\"@type\":\"ReadAction\",\"target\":[\"https:\/\/ambipar.com\/latam\/noticias\/cnn-talks-entrevista-rafael-tello-vp-de-sostenibilidad-de-ambipar\/\"]}]},{\"@type\":\"BreadcrumbList\",\"@id\":\"https:\/\/ambipar.com\/latam\/noticias\/cnn-talks-entrevista-rafael-tello-vp-de-sostenibilidad-de-ambipar\/#breadcrumb\",\"itemListElement\":[{\"@type\":\"ListItem\",\"position\":1,\"name\":\"Home\",\"item\":\"https:\/\/ambipar.com\/latam\/\"},{\"@type\":\"ListItem\",\"position\":2,\"name\":\"Noticias\",\"item\":\"https:\/\/ambipar.com\/latam\/pt\/noticias\/\"},{\"@type\":\"ListItem\",\"position\":3,\"name\":\"CNN TALKS entrevista: Rafael Tello, VP de Sostenibilidad de Ambipar\"}]}]}<\/script>\n<!-- \/ Yoast SEO plugin. -->","yoast_head_json":{"title":"COP 29 entrevista: Rafael Tello, VP de Sostenibilidad de Ambipar","description":"COP 29: Expectativas para la cumbre clim\u00e1tica, autoridades gubernamentales, l\u00edderes del mercado y expertos anticipan y debaten","robots":{"index":"index","follow":"follow","max-snippet":"max-snippet:-1","max-image-preview":"max-image-preview:large","max-video-preview":"max-video-preview:-1"},"canonical":"https:\/\/ambipar.com\/latam\/noticias\/cnn-talks-entrevista-rafael-tello-vp-de-sostenibilidad-de-ambipar\/","og_locale":"es_ES","og_type":"article","og_title":"COP 29 entrevista: Rafael Tello, VP de Sostenibilidad de Ambipar","og_description":"COP 29: Expectativas para la cumbre clim\u00e1tica, autoridades gubernamentales, l\u00edderes del mercado y expertos anticipan y debaten","og_url":"https:\/\/ambipar.com\/latam\/noticias\/cnn-talks-entrevista-rafael-tello-vp-de-sostenibilidad-de-ambipar\/","og_site_name":"Ambipar. A l\u00edder em gest\u00e3o ambiental.","og_image":[{"width":1233,"height":636,"url":"https:\/\/ambipar.com\/latam\/wp-content\/uploads\/2024\/11\/CNN-TALKS-ENTREVISTA-RAFAEL-TELLO-VP-DE-SUSTENTABILIDADE-DA-AMBIPAR.jpg","type":"image\/jpeg"}],"twitter_card":"summary_large_image","twitter_misc":{"Est. reading time":"1 minuto"},"schema":{"@context":"https:\/\/schema.org","@graph":[{"@type":"Organization","@id":"https:\/\/ambipar.com\/latam\/#organization","name":"Ambipar","url":"https:\/\/ambipar.com\/latam\/","sameAs":[],"logo":{"@type":"ImageObject","@id":"https:\/\/ambipar.com\/latam\/#logo","inLanguage":"es-CL","url":"https:\/\/ambipar.com\/latam\/wp-content\/uploads\/2020\/10\/ambipar_color.png","contentUrl":"https:\/\/ambipar.com\/latam\/wp-content\/uploads\/2020\/10\/ambipar_color.png","width":174,"height":107,"caption":"Ambipar"},"image":{"@id":"https:\/\/ambipar.com\/latam\/#logo"}},{"@type":"WebSite","@id":"https:\/\/ambipar.com\/latam\/#website","url":"https:\/\/ambipar.com\/latam\/","name":"Ambipar. A l\u00edder em gest\u00e3o ambiental.","description":"Pioneira em solu\u00e7\u00f5es ambientais, a Ambipar atua em todo o territ\u00f3rio nacional oferecendo solu\u00e7\u00f5es integradas para toda a cadeia de neg\u00f3cio.","publisher":{"@id":"https:\/\/ambipar.com\/latam\/#organization"},"potentialAction":[{"@type":"SearchAction","target":{"@type":"EntryPoint","urlTemplate":"https:\/\/ambipar.com\/latam\/?s={search_term_string}"},"query-input":"required name=search_term_string"}],"inLanguage":"es-CL"},{"@type":"ImageObject","@id":"https:\/\/ambipar.com\/latam\/noticias\/cnn-talks-entrevista-rafael-tello-vp-de-sostenibilidad-de-ambipar\/#primaryimage","inLanguage":"es-CL","url":"https:\/\/ambipar.com\/latam\/wp-content\/uploads\/2024\/11\/CNN-TALKS-ENTREVISTA-RAFAEL-TELLO-VP-DE-SUSTENTABILIDADE-DA-AMBIPAR.jpg","contentUrl":"https:\/\/ambipar.com\/latam\/wp-content\/uploads\/2024\/11\/CNN-TALKS-ENTREVISTA-RAFAEL-TELLO-VP-DE-SUSTENTABILIDADE-DA-AMBIPAR.jpg","width":1233,"height":636},{"@type":"WebPage","@id":"https:\/\/ambipar.com\/latam\/noticias\/cnn-talks-entrevista-rafael-tello-vp-de-sostenibilidad-de-ambipar\/#webpage","url":"https:\/\/ambipar.com\/latam\/noticias\/cnn-talks-entrevista-rafael-tello-vp-de-sostenibilidad-de-ambipar\/","name":"COP 29 entrevista: Rafael Tello, VP de Sostenibilidad de Ambipar","isPartOf":{"@id":"https:\/\/ambipar.com\/latam\/#website"},"primaryImageOfPage":{"@id":"https:\/\/ambipar.com\/latam\/noticias\/cnn-talks-entrevista-rafael-tello-vp-de-sostenibilidad-de-ambipar\/#primaryimage"},"datePublished":"2024-11-05T22:57:00+00:00","dateModified":"2024-11-05T22:57:00+00:00","description":"COP 29: Expectativas para la cumbre clim\u00e1tica, autoridades gubernamentales, l\u00edderes del mercado y expertos anticipan y debaten","breadcrumb":{"@id":"https:\/\/ambipar.com\/latam\/noticias\/cnn-talks-entrevista-rafael-tello-vp-de-sostenibilidad-de-ambipar\/#breadcrumb"},"inLanguage":"es-CL","potentialAction":[{"@type":"ReadAction","target":["https:\/\/ambipar.com\/latam\/noticias\/cnn-talks-entrevista-rafael-tello-vp-de-sostenibilidad-de-ambipar\/"]}]},{"@type":"BreadcrumbList","@id":"https:\/\/ambipar.com\/latam\/noticias\/cnn-talks-entrevista-rafael-tello-vp-de-sostenibilidad-de-ambipar\/#breadcrumb","itemListElement":[{"@type":"ListItem","position":1,"name":"Home","item":"https:\/\/ambipar.com\/latam\/"},{"@type":"ListItem","position":2,"name":"Noticias","item":"https:\/\/ambipar.com\/latam\/pt\/noticias\/"},{"@type":"ListItem","position":3,"name":"CNN TALKS entrevista: Rafael Tello, VP de Sostenibilidad de Ambipar"}]}]}},"_links":{"self":[{"href":"https:\/\/ambipar.com\/latam\/wp-json\/wp\/v2\/noticia\/5692"}],"collection":[{"href":"https:\/\/ambipar.com\/latam\/wp-json\/wp\/v2\/noticia"}],"about":[{"href":"https:\/\/ambipar.com\/latam\/wp-json\/wp\/v2\/types\/noticia"}],"wp:featuredmedia":[{"embeddable":true,"href":"https:\/\/ambipar.com\/latam\/wp-json\/wp\/v2\/media\/5693"}],"wp:attachment":[{"href":"https:\/\/ambipar.com\/latam\/wp-json\/wp\/v2\/media?parent=5692"}],"wp:term":[{"taxonomy":"category","embeddable":true,"href":"https:\/\/ambipar.com\/latam\/wp-json\/wp\/v2\/categories?post=5692"}],"curies":[{"name":"wp","href":"https:\/\/api.w.org\/{rel}","templated":true}]}}