{"id":5697,"date":"2024-11-05T09:57:00","date_gmt":"2024-11-05T12:57:00","guid":{"rendered":"https:\/\/ambipar.com\/latam\/noticias\/izabella-teixeira-asume-el-liderazgo-global-de-sostenibilidad-en-ambipar\/"},"modified":"2024-11-05T09:57:00","modified_gmt":"2024-11-05T12:57:00","slug":"izabella-teixeira-asume-el-liderazgo-global-de-sostenibilidad-en-ambipar","status":"publish","type":"noticia","link":"https:\/\/ambipar.com\/latam\/noticias\/izabella-teixeira-asume-el-liderazgo-global-de-sostenibilidad-en-ambipar\/","title":{"rendered":"Izabella Teixeira asume el liderazgo global de sostenibilidad en Ambipar"},"content":{"rendered":"\n<p><strong>S\u00e3o Paulo, 5 de noviembre de 2024<\/strong> \u2013 Ambipar (AMBP3), l\u00edder global en soluciones ambientales, contar\u00e1 con un nombre destacado en el \u00e1mbito de negocios sostenibles. La exministra de Medio Ambiente, Izabella Teixeira, asumi\u00f3 este mes como presidenta del Comit\u00e9 Global de Sostenibilidad de la compa\u00f1\u00eda.<\/p>\n\n\n\n<p>Izabella es uno de los nombres m\u00e1s renombrados en la defensa de pol\u00edticas ambientales y clim\u00e1ticas en Brasil. Llega a Ambipar para aportar toda su experiencia de casi 40 a\u00f1os de trabajo en el \u00e1rea y afirma que, entre las razones para aceptar la invitaci\u00f3n de la empresa, est\u00e1 la oportunidad de trabajar en una empresa brasile\u00f1a con operaciones globales.<\/p>\n\n\n\n<p>\u201cEs Brasil en el mundo, con un mundo de negocios, y ver c\u00f3mo Brasil se posiciona en la agenda ambiental y c\u00f3mo Brasil est\u00e1 viendo el mundo. Adem\u00e1s, Ambipar tiene una forma innovadora, competitiva, con tecnolog\u00edas, con un equipo joven y todos decididos a apostar a que un grupo brasile\u00f1o puede y debe ser parte del mundo empresarial internacional, nacional, competitivo e innovador que maneja evaluaciones ambientales y clim\u00e1ticas\u201d, dice la exministra de Medio Ambiente.<\/p>\n\n\n\n<p>\u201cAmbipar avanza muchos pasos al contar con una profesional como Izabella en nuestro equipo. Sin duda, nuestros negocios dar\u00e1n un gran salto con el trabajo destacado que ella siempre ha realizado en defensa del medio ambiente\u201d, destaca el CEO de Ambipar, Tercio Borlenghi Junior.<\/p>\n\n\n\n<p>Izabella Teixeira fue ministra de Medio Ambiente entre 2010 y 2016. Despu\u00e9s de dejar el cargo, asumi\u00f3 la presidencia del International Resource Panel de la ONU, es consultora en Cambio Clim\u00e1tico del Centro Brasile\u00f1o de Relaciones Internacionales (Cebri) y miembro de varios consejos de administraci\u00f3n y boards empresariales.<\/p>\n\n\n\n<p><strong>Sobre Ambipar<\/strong><\/p>\n\n\n\n<p>Ambipar es una multinacional brasile\u00f1a l\u00edder global en soluciones ambientales, invierte y opera proyectos de descarbonizaci\u00f3n, econom\u00eda circular, transici\u00f3n energ\u00e9tica y regeneraci\u00f3n ambiental, presente en 40 pa\u00edses y con m\u00e1s de 20.000 colaboradores. La compa\u00f1\u00eda tiene acciones listadas en la B3 (AMBP3) y en la Bolsa de Nueva York (AMBI). Para saber m\u00e1s, <a href=\"https:\/\/ambipar.com\/a-ambipar\/\">haga clic aqu\u00ed<\/a>.<\/p>\n\n\n\n<ul><li><strong>Informaci\u00f3n para la prensa: <\/strong><a href=\"mailto:ambipar@gbr.com.br\">ambipar@gbr.com.br<\/a><\/li><\/ul>\n","protected":false},"featured_media":5698,"template":"","categories":[238],"yoast_head":"<!-- This site is optimized with the Yoast SEO plugin v17.6 - https:\/\/yoast.com\/wordpress\/plugins\/seo\/ -->\n<title>Izabella asume el liderazgo global de sostenibilidad en Ambipar<\/title>\n<meta name=\"description\" content=\"Ambipar (AMBP3), l\u00edder global en soluciones ambientales, contar\u00e1 con un nombre destacado en el \u00e1mbito de negocios sostenibles. La exministra\" \/>\n<meta name=\"robots\" content=\"index, follow, max-snippet:-1, max-image-preview:large, max-video-preview:-1\" \/>\n<link rel=\"canonical\" href=\"https:\/\/ambipar.com\/latam\/noticias\/izabella-teixeira-asume-el-liderazgo-global-de-sostenibilidad-en-ambipar\/\" \/>\n<meta property=\"og:locale\" content=\"es_ES\" \/>\n<meta property=\"og:type\" content=\"article\" \/>\n<meta property=\"og:title\" content=\"Izabella asume el liderazgo global de sostenibilidad en Ambipar\" \/>\n<meta property=\"og:description\" content=\"Ambipar (AMBP3), l\u00edder global en soluciones ambientales, contar\u00e1 con un nombre destacado en el \u00e1mbito de negocios sostenibles. La exministra\" \/>\n<meta property=\"og:url\" content=\"https:\/\/ambipar.com\/latam\/noticias\/izabella-teixeira-asume-el-liderazgo-global-de-sostenibilidad-en-ambipar\/\" \/>\n<meta property=\"og:site_name\" content=\"Ambipar. A l\u00edder em gest\u00e3o ambiental.\" \/>\n<meta property=\"og:image\" content=\"https:\/\/ambipar.com\/latam\/wp-content\/uploads\/2023\/08\/EAD-ESG.jpg\" \/>\n\t<meta property=\"og:image:width\" content=\"1200\" \/>\n\t<meta property=\"og:image:height\" content=\"750\" \/>\n<meta name=\"twitter:card\" content=\"summary_large_image\" \/>\n<meta name=\"twitter:label1\" content=\"Est. reading time\" \/>\n\t<meta name=\"twitter:data1\" content=\"2 minutos\" \/>\n<script type=\"application\/ld+json\" class=\"yoast-schema-graph\">{\"@context\":\"https:\/\/schema.org\",\"@graph\":[{\"@type\":\"Organization\",\"@id\":\"https:\/\/ambipar.com\/latam\/#organization\",\"name\":\"Ambipar\",\"url\":\"https:\/\/ambipar.com\/latam\/\",\"sameAs\":[],\"logo\":{\"@type\":\"ImageObject\",\"@id\":\"https:\/\/ambipar.com\/latam\/#logo\",\"inLanguage\":\"es-CL\",\"url\":\"https:\/\/ambipar.com\/latam\/wp-content\/uploads\/2020\/10\/ambipar_color.png\",\"contentUrl\":\"https:\/\/ambipar.com\/latam\/wp-content\/uploads\/2020\/10\/ambipar_color.png\",\"width\":174,\"height\":107,\"caption\":\"Ambipar\"},\"image\":{\"@id\":\"https:\/\/ambipar.com\/latam\/#logo\"}},{\"@type\":\"WebSite\",\"@id\":\"https:\/\/ambipar.com\/latam\/#website\",\"url\":\"https:\/\/ambipar.com\/latam\/\",\"name\":\"Ambipar. A l\\u00edder em gest\\u00e3o ambiental.\",\"description\":\"Pioneira em solu\\u00e7\\u00f5es ambientais, a Ambipar atua em todo o territ\\u00f3rio nacional oferecendo solu\\u00e7\\u00f5es integradas para toda a cadeia de neg\\u00f3cio.\",\"publisher\":{\"@id\":\"https:\/\/ambipar.com\/latam\/#organization\"},\"potentialAction\":[{\"@type\":\"SearchAction\",\"target\":{\"@type\":\"EntryPoint\",\"urlTemplate\":\"https:\/\/ambipar.com\/latam\/?s={search_term_string}\"},\"query-input\":\"required name=search_term_string\"}],\"inLanguage\":\"es-CL\"},{\"@type\":\"ImageObject\",\"@id\":\"https:\/\/ambipar.com\/latam\/noticias\/izabella-teixeira-asume-el-liderazgo-global-de-sostenibilidad-en-ambipar\/#primaryimage\",\"inLanguage\":\"es-CL\",\"url\":\"https:\/\/ambipar.com\/latam\/wp-content\/uploads\/2023\/08\/EAD-ESG.jpg\",\"contentUrl\":\"https:\/\/ambipar.com\/latam\/wp-content\/uploads\/2023\/08\/EAD-ESG.jpg\",\"width\":1200,\"height\":750},{\"@type\":\"WebPage\",\"@id\":\"https:\/\/ambipar.com\/latam\/noticias\/izabella-teixeira-asume-el-liderazgo-global-de-sostenibilidad-en-ambipar\/#webpage\",\"url\":\"https:\/\/ambipar.com\/latam\/noticias\/izabella-teixeira-asume-el-liderazgo-global-de-sostenibilidad-en-ambipar\/\",\"name\":\"Izabella asume el liderazgo global de sostenibilidad en Ambipar\",\"isPartOf\":{\"@id\":\"https:\/\/ambipar.com\/latam\/#website\"},\"primaryImageOfPage\":{\"@id\":\"https:\/\/ambipar.com\/latam\/noticias\/izabella-teixeira-asume-el-liderazgo-global-de-sostenibilidad-en-ambipar\/#primaryimage\"},\"datePublished\":\"2024-11-05T12:57:00+00:00\",\"dateModified\":\"2024-11-05T12:57:00+00:00\",\"description\":\"Ambipar (AMBP3), l\\u00edder global en soluciones ambientales, contar\\u00e1 con un nombre destacado en el \\u00e1mbito de negocios sostenibles. La exministra\",\"breadcrumb\":{\"@id\":\"https:\/\/ambipar.com\/latam\/noticias\/izabella-teixeira-asume-el-liderazgo-global-de-sostenibilidad-en-ambipar\/#breadcrumb\"},\"inLanguage\":\"es-CL\",\"potentialAction\":[{\"@type\":\"ReadAction\",\"target\":[\"https:\/\/ambipar.com\/latam\/noticias\/izabella-teixeira-asume-el-liderazgo-global-de-sostenibilidad-en-ambipar\/\"]}]},{\"@type\":\"BreadcrumbList\",\"@id\":\"https:\/\/ambipar.com\/latam\/noticias\/izabella-teixeira-asume-el-liderazgo-global-de-sostenibilidad-en-ambipar\/#breadcrumb\",\"itemListElement\":[{\"@type\":\"ListItem\",\"position\":1,\"name\":\"Home\",\"item\":\"https:\/\/ambipar.com\/latam\/\"},{\"@type\":\"ListItem\",\"position\":2,\"name\":\"Noticias\",\"item\":\"https:\/\/ambipar.com\/latam\/pt\/noticias\/\"},{\"@type\":\"ListItem\",\"position\":3,\"name\":\"Izabella Teixeira asume el liderazgo global de sostenibilidad en Ambipar\"}]}]}<\/script>\n<!-- \/ Yoast SEO plugin. -->","yoast_head_json":{"title":"Izabella asume el liderazgo global de sostenibilidad en Ambipar","description":"Ambipar (AMBP3), l\u00edder global en soluciones ambientales, contar\u00e1 con un nombre destacado en el \u00e1mbito de negocios sostenibles. La exministra","robots":{"index":"index","follow":"follow","max-snippet":"max-snippet:-1","max-image-preview":"max-image-preview:large","max-video-preview":"max-video-preview:-1"},"canonical":"https:\/\/ambipar.com\/latam\/noticias\/izabella-teixeira-asume-el-liderazgo-global-de-sostenibilidad-en-ambipar\/","og_locale":"es_ES","og_type":"article","og_title":"Izabella asume el liderazgo global de sostenibilidad en Ambipar","og_description":"Ambipar (AMBP3), l\u00edder global en soluciones ambientales, contar\u00e1 con un nombre destacado en el \u00e1mbito de negocios sostenibles. La exministra","og_url":"https:\/\/ambipar.com\/latam\/noticias\/izabella-teixeira-asume-el-liderazgo-global-de-sostenibilidad-en-ambipar\/","og_site_name":"Ambipar. A l\u00edder em gest\u00e3o ambiental.","og_image":[{"width":1200,"height":750,"url":"https:\/\/ambipar.com\/latam\/wp-content\/uploads\/2023\/08\/EAD-ESG.jpg","type":"image\/jpeg"}],"twitter_card":"summary_large_image","twitter_misc":{"Est. reading time":"2 minutos"},"schema":{"@context":"https:\/\/schema.org","@graph":[{"@type":"Organization","@id":"https:\/\/ambipar.com\/latam\/#organization","name":"Ambipar","url":"https:\/\/ambipar.com\/latam\/","sameAs":[],"logo":{"@type":"ImageObject","@id":"https:\/\/ambipar.com\/latam\/#logo","inLanguage":"es-CL","url":"https:\/\/ambipar.com\/latam\/wp-content\/uploads\/2020\/10\/ambipar_color.png","contentUrl":"https:\/\/ambipar.com\/latam\/wp-content\/uploads\/2020\/10\/ambipar_color.png","width":174,"height":107,"caption":"Ambipar"},"image":{"@id":"https:\/\/ambipar.com\/latam\/#logo"}},{"@type":"WebSite","@id":"https:\/\/ambipar.com\/latam\/#website","url":"https:\/\/ambipar.com\/latam\/","name":"Ambipar. A l\u00edder em gest\u00e3o ambiental.","description":"Pioneira em solu\u00e7\u00f5es ambientais, a Ambipar atua em todo o territ\u00f3rio nacional oferecendo solu\u00e7\u00f5es integradas para toda a cadeia de neg\u00f3cio.","publisher":{"@id":"https:\/\/ambipar.com\/latam\/#organization"},"potentialAction":[{"@type":"SearchAction","target":{"@type":"EntryPoint","urlTemplate":"https:\/\/ambipar.com\/latam\/?s={search_term_string}"},"query-input":"required name=search_term_string"}],"inLanguage":"es-CL"},{"@type":"ImageObject","@id":"https:\/\/ambipar.com\/latam\/noticias\/izabella-teixeira-asume-el-liderazgo-global-de-sostenibilidad-en-ambipar\/#primaryimage","inLanguage":"es-CL","url":"https:\/\/ambipar.com\/latam\/wp-content\/uploads\/2023\/08\/EAD-ESG.jpg","contentUrl":"https:\/\/ambipar.com\/latam\/wp-content\/uploads\/2023\/08\/EAD-ESG.jpg","width":1200,"height":750},{"@type":"WebPage","@id":"https:\/\/ambipar.com\/latam\/noticias\/izabella-teixeira-asume-el-liderazgo-global-de-sostenibilidad-en-ambipar\/#webpage","url":"https:\/\/ambipar.com\/latam\/noticias\/izabella-teixeira-asume-el-liderazgo-global-de-sostenibilidad-en-ambipar\/","name":"Izabella asume el liderazgo global de sostenibilidad en Ambipar","isPartOf":{"@id":"https:\/\/ambipar.com\/latam\/#website"},"primaryImageOfPage":{"@id":"https:\/\/ambipar.com\/latam\/noticias\/izabella-teixeira-asume-el-liderazgo-global-de-sostenibilidad-en-ambipar\/#primaryimage"},"datePublished":"2024-11-05T12:57:00+00:00","dateModified":"2024-11-05T12:57:00+00:00","description":"Ambipar (AMBP3), l\u00edder global en soluciones ambientales, contar\u00e1 con un nombre destacado en el \u00e1mbito de negocios sostenibles. La exministra","breadcrumb":{"@id":"https:\/\/ambipar.com\/latam\/noticias\/izabella-teixeira-asume-el-liderazgo-global-de-sostenibilidad-en-ambipar\/#breadcrumb"},"inLanguage":"es-CL","potentialAction":[{"@type":"ReadAction","target":["https:\/\/ambipar.com\/latam\/noticias\/izabella-teixeira-asume-el-liderazgo-global-de-sostenibilidad-en-ambipar\/"]}]},{"@type":"BreadcrumbList","@id":"https:\/\/ambipar.com\/latam\/noticias\/izabella-teixeira-asume-el-liderazgo-global-de-sostenibilidad-en-ambipar\/#breadcrumb","itemListElement":[{"@type":"ListItem","position":1,"name":"Home","item":"https:\/\/ambipar.com\/latam\/"},{"@type":"ListItem","position":2,"name":"Noticias","item":"https:\/\/ambipar.com\/latam\/pt\/noticias\/"},{"@type":"ListItem","position":3,"name":"Izabella Teixeira asume el liderazgo global de sostenibilidad en Ambipar"}]}]}},"_links":{"self":[{"href":"https:\/\/ambipar.com\/latam\/wp-json\/wp\/v2\/noticia\/5697"}],"collection":[{"href":"https:\/\/ambipar.com\/latam\/wp-json\/wp\/v2\/noticia"}],"about":[{"href":"https:\/\/ambipar.com\/latam\/wp-json\/wp\/v2\/types\/noticia"}],"wp:featuredmedia":[{"embeddable":true,"href":"https:\/\/ambipar.com\/latam\/wp-json\/wp\/v2\/media\/5698"}],"wp:attachment":[{"href":"https:\/\/ambipar.com\/latam\/wp-json\/wp\/v2\/media?parent=5697"}],"wp:term":[{"taxonomy":"category","embeddable":true,"href":"https:\/\/ambipar.com\/latam\/wp-json\/wp\/v2\/categories?post=5697"}],"curies":[{"name":"wp","href":"https:\/\/api.w.org\/{rel}","templated":true}]}}