{"id":5702,"date":"2024-11-06T00:06:00","date_gmt":"2024-11-06T03:06:00","guid":{"rendered":"https:\/\/ambipar.com\/latam\/noticias\/multinacional-ambiental-contrata-a-exministra-de-medio-ambiente-y-exejecutivo-de-pepsico\/"},"modified":"2024-11-06T00:06:00","modified_gmt":"2024-11-06T03:06:00","slug":"multinacional-ambiental-contrata-a-exministra-de-medio-ambiente-y-exejecutivo-de-pepsico","status":"publish","type":"noticia","link":"https:\/\/ambipar.com\/latam\/noticias\/multinacional-ambiental-contrata-a-exministra-de-medio-ambiente-y-exejecutivo-de-pepsico\/","title":{"rendered":"Multinacional ambiental contrata a exministra de Medio Ambiente y exejecutivo de PepsiCo"},"content":{"rendered":"\n<p>Ambipar, que creci\u00f3 ocho veces en valor de mercado en la B3, acelera su plan de expansi\u00f3n global.<\/p>\n\n\n\n<p><strong>Ambipar,<\/strong> l\u00edder global en soluciones ambientales, contrat\u00f3 a la exministra de Medio Ambiente Izabella Teixeira para presidir el Comit\u00e9 Global de Sostenibilidad de la compa\u00f1\u00eda. En menos de seis meses, este es el segundo nombre de peso reclutado por la empresa, que se ha convertido en una de las preferidas en la Bolsa.<\/p>\n\n\n\n<p>Con miras a conquistar nuevos mercados en el exterior, Ambipar tambi\u00e9n contrat\u00f3 a Roberto Azevedo, exvicepresidente global de PepsiCo y expresidente de la OMC (Organizaci\u00f3n Mundial del Comercio).<\/p>\n\n\n\n<ul><li><a href=\"https:\/\/www1.folha.uol.com.br\/colunas\/painelsa\/2024\/11\/multi-ambiental-contrata-ex-ministra-do-meio-ambiente-e-ex-executivo-da-pepsico.shtml\" target=\"_blank\" rel=\"noreferrer noopener\">Haz clic aqu\u00ed para leer el art\u00edculo completo.<\/a><\/li><\/ul>\n","protected":false},"featured_media":5531,"template":"","categories":[297,232],"yoast_head":"<!-- This site is optimized with the Yoast SEO plugin v17.6 - https:\/\/yoast.com\/wordpress\/plugins\/seo\/ -->\n<title>Ambipar contrata a exministra de Medio Ambiente y exejecutivo<\/title>\n<meta name=\"description\" content=\"Ambipar contrat\u00f3 a la exministra de Medio Ambiente Izabella Teixeira para presidir el Comit\u00e9 Global de Sostenibilidad\" \/>\n<meta name=\"robots\" content=\"index, follow, max-snippet:-1, max-image-preview:large, max-video-preview:-1\" \/>\n<link rel=\"canonical\" href=\"https:\/\/ambipar.com\/latam\/noticias\/multinacional-ambiental-contrata-a-exministra-de-medio-ambiente-y-exejecutivo-de-pepsico\/\" \/>\n<meta property=\"og:locale\" content=\"es_ES\" \/>\n<meta property=\"og:type\" content=\"article\" \/>\n<meta property=\"og:title\" content=\"Ambipar contrata a exministra de Medio Ambiente y exejecutivo\" \/>\n<meta property=\"og:description\" content=\"Ambipar contrat\u00f3 a la exministra de Medio Ambiente Izabella Teixeira para presidir el Comit\u00e9 Global de Sostenibilidad\" \/>\n<meta property=\"og:url\" content=\"https:\/\/ambipar.com\/latam\/noticias\/multinacional-ambiental-contrata-a-exministra-de-medio-ambiente-y-exejecutivo-de-pepsico\/\" \/>\n<meta property=\"og:site_name\" content=\"Ambipar. A l\u00edder em gest\u00e3o ambiental.\" \/>\n<meta name=\"twitter:card\" content=\"summary_large_image\" \/>\n<meta name=\"twitter:image\" content=\"https:\/\/ambipar.com\/latam\/wp-content\/uploads\/2024\/06\/Ambipar-precifica-oferta-de-titulos-verdes.webp\" \/>\n<meta name=\"twitter:label1\" content=\"Est. reading time\" \/>\n\t<meta name=\"twitter:data1\" content=\"1 minuto\" \/>\n<script type=\"application\/ld+json\" class=\"yoast-schema-graph\">{\"@context\":\"https:\/\/schema.org\",\"@graph\":[{\"@type\":\"Organization\",\"@id\":\"https:\/\/ambipar.com\/latam\/#organization\",\"name\":\"Ambipar\",\"url\":\"https:\/\/ambipar.com\/latam\/\",\"sameAs\":[],\"logo\":{\"@type\":\"ImageObject\",\"@id\":\"https:\/\/ambipar.com\/latam\/#logo\",\"inLanguage\":\"es-CL\",\"url\":\"https:\/\/ambipar.com\/latam\/wp-content\/uploads\/2020\/10\/ambipar_color.png\",\"contentUrl\":\"https:\/\/ambipar.com\/latam\/wp-content\/uploads\/2020\/10\/ambipar_color.png\",\"width\":174,\"height\":107,\"caption\":\"Ambipar\"},\"image\":{\"@id\":\"https:\/\/ambipar.com\/latam\/#logo\"}},{\"@type\":\"WebSite\",\"@id\":\"https:\/\/ambipar.com\/latam\/#website\",\"url\":\"https:\/\/ambipar.com\/latam\/\",\"name\":\"Ambipar. A l\\u00edder em gest\\u00e3o ambiental.\",\"description\":\"Pioneira em solu\\u00e7\\u00f5es ambientais, a Ambipar atua em todo o territ\\u00f3rio nacional oferecendo solu\\u00e7\\u00f5es integradas para toda a cadeia de neg\\u00f3cio.\",\"publisher\":{\"@id\":\"https:\/\/ambipar.com\/latam\/#organization\"},\"potentialAction\":[{\"@type\":\"SearchAction\",\"target\":{\"@type\":\"EntryPoint\",\"urlTemplate\":\"https:\/\/ambipar.com\/latam\/?s={search_term_string}\"},\"query-input\":\"required name=search_term_string\"}],\"inLanguage\":\"es-CL\"},{\"@type\":\"ImageObject\",\"@id\":\"https:\/\/ambipar.com\/latam\/noticias\/multinacional-ambiental-contrata-a-exministra-de-medio-ambiente-y-exejecutivo-de-pepsico\/#primaryimage\",\"inLanguage\":\"es-CL\",\"url\":\"https:\/\/ambipar.com\/latam\/wp-content\/uploads\/2024\/06\/Ambipar-precifica-oferta-de-titulos-verdes.webp\",\"contentUrl\":\"https:\/\/ambipar.com\/latam\/wp-content\/uploads\/2024\/06\/Ambipar-precifica-oferta-de-titulos-verdes.webp\",\"width\":1024,\"height\":576},{\"@type\":\"WebPage\",\"@id\":\"https:\/\/ambipar.com\/latam\/noticias\/multinacional-ambiental-contrata-a-exministra-de-medio-ambiente-y-exejecutivo-de-pepsico\/#webpage\",\"url\":\"https:\/\/ambipar.com\/latam\/noticias\/multinacional-ambiental-contrata-a-exministra-de-medio-ambiente-y-exejecutivo-de-pepsico\/\",\"name\":\"Ambipar contrata a exministra de Medio Ambiente y exejecutivo\",\"isPartOf\":{\"@id\":\"https:\/\/ambipar.com\/latam\/#website\"},\"primaryImageOfPage\":{\"@id\":\"https:\/\/ambipar.com\/latam\/noticias\/multinacional-ambiental-contrata-a-exministra-de-medio-ambiente-y-exejecutivo-de-pepsico\/#primaryimage\"},\"datePublished\":\"2024-11-06T03:06:00+00:00\",\"dateModified\":\"2024-11-06T03:06:00+00:00\",\"description\":\"Ambipar contrat\\u00f3 a la exministra de Medio Ambiente Izabella Teixeira para presidir el Comit\\u00e9 Global de Sostenibilidad\",\"breadcrumb\":{\"@id\":\"https:\/\/ambipar.com\/latam\/noticias\/multinacional-ambiental-contrata-a-exministra-de-medio-ambiente-y-exejecutivo-de-pepsico\/#breadcrumb\"},\"inLanguage\":\"es-CL\",\"potentialAction\":[{\"@type\":\"ReadAction\",\"target\":[\"https:\/\/ambipar.com\/latam\/noticias\/multinacional-ambiental-contrata-a-exministra-de-medio-ambiente-y-exejecutivo-de-pepsico\/\"]}]},{\"@type\":\"BreadcrumbList\",\"@id\":\"https:\/\/ambipar.com\/latam\/noticias\/multinacional-ambiental-contrata-a-exministra-de-medio-ambiente-y-exejecutivo-de-pepsico\/#breadcrumb\",\"itemListElement\":[{\"@type\":\"ListItem\",\"position\":1,\"name\":\"Home\",\"item\":\"https:\/\/ambipar.com\/latam\/\"},{\"@type\":\"ListItem\",\"position\":2,\"name\":\"Noticias\",\"item\":\"https:\/\/ambipar.com\/latam\/pt\/noticias\/\"},{\"@type\":\"ListItem\",\"position\":3,\"name\":\"Multinacional ambiental contrata a exministra de Medio Ambiente y exejecutivo de PepsiCo\"}]}]}<\/script>\n<!-- \/ Yoast SEO plugin. -->","yoast_head_json":{"title":"Ambipar contrata a exministra de Medio Ambiente y exejecutivo","description":"Ambipar contrat\u00f3 a la exministra de Medio Ambiente Izabella Teixeira para presidir el Comit\u00e9 Global de Sostenibilidad","robots":{"index":"index","follow":"follow","max-snippet":"max-snippet:-1","max-image-preview":"max-image-preview:large","max-video-preview":"max-video-preview:-1"},"canonical":"https:\/\/ambipar.com\/latam\/noticias\/multinacional-ambiental-contrata-a-exministra-de-medio-ambiente-y-exejecutivo-de-pepsico\/","og_locale":"es_ES","og_type":"article","og_title":"Ambipar contrata a exministra de Medio Ambiente y exejecutivo","og_description":"Ambipar contrat\u00f3 a la exministra de Medio Ambiente Izabella Teixeira para presidir el Comit\u00e9 Global de Sostenibilidad","og_url":"https:\/\/ambipar.com\/latam\/noticias\/multinacional-ambiental-contrata-a-exministra-de-medio-ambiente-y-exejecutivo-de-pepsico\/","og_site_name":"Ambipar. A l\u00edder em gest\u00e3o ambiental.","twitter_card":"summary_large_image","twitter_image":"https:\/\/ambipar.com\/latam\/wp-content\/uploads\/2024\/06\/Ambipar-precifica-oferta-de-titulos-verdes.webp","twitter_misc":{"Est. reading time":"1 minuto"},"schema":{"@context":"https:\/\/schema.org","@graph":[{"@type":"Organization","@id":"https:\/\/ambipar.com\/latam\/#organization","name":"Ambipar","url":"https:\/\/ambipar.com\/latam\/","sameAs":[],"logo":{"@type":"ImageObject","@id":"https:\/\/ambipar.com\/latam\/#logo","inLanguage":"es-CL","url":"https:\/\/ambipar.com\/latam\/wp-content\/uploads\/2020\/10\/ambipar_color.png","contentUrl":"https:\/\/ambipar.com\/latam\/wp-content\/uploads\/2020\/10\/ambipar_color.png","width":174,"height":107,"caption":"Ambipar"},"image":{"@id":"https:\/\/ambipar.com\/latam\/#logo"}},{"@type":"WebSite","@id":"https:\/\/ambipar.com\/latam\/#website","url":"https:\/\/ambipar.com\/latam\/","name":"Ambipar. A l\u00edder em gest\u00e3o ambiental.","description":"Pioneira em solu\u00e7\u00f5es ambientais, a Ambipar atua em todo o territ\u00f3rio nacional oferecendo solu\u00e7\u00f5es integradas para toda a cadeia de neg\u00f3cio.","publisher":{"@id":"https:\/\/ambipar.com\/latam\/#organization"},"potentialAction":[{"@type":"SearchAction","target":{"@type":"EntryPoint","urlTemplate":"https:\/\/ambipar.com\/latam\/?s={search_term_string}"},"query-input":"required name=search_term_string"}],"inLanguage":"es-CL"},{"@type":"ImageObject","@id":"https:\/\/ambipar.com\/latam\/noticias\/multinacional-ambiental-contrata-a-exministra-de-medio-ambiente-y-exejecutivo-de-pepsico\/#primaryimage","inLanguage":"es-CL","url":"https:\/\/ambipar.com\/latam\/wp-content\/uploads\/2024\/06\/Ambipar-precifica-oferta-de-titulos-verdes.webp","contentUrl":"https:\/\/ambipar.com\/latam\/wp-content\/uploads\/2024\/06\/Ambipar-precifica-oferta-de-titulos-verdes.webp","width":1024,"height":576},{"@type":"WebPage","@id":"https:\/\/ambipar.com\/latam\/noticias\/multinacional-ambiental-contrata-a-exministra-de-medio-ambiente-y-exejecutivo-de-pepsico\/#webpage","url":"https:\/\/ambipar.com\/latam\/noticias\/multinacional-ambiental-contrata-a-exministra-de-medio-ambiente-y-exejecutivo-de-pepsico\/","name":"Ambipar contrata a exministra de Medio Ambiente y exejecutivo","isPartOf":{"@id":"https:\/\/ambipar.com\/latam\/#website"},"primaryImageOfPage":{"@id":"https:\/\/ambipar.com\/latam\/noticias\/multinacional-ambiental-contrata-a-exministra-de-medio-ambiente-y-exejecutivo-de-pepsico\/#primaryimage"},"datePublished":"2024-11-06T03:06:00+00:00","dateModified":"2024-11-06T03:06:00+00:00","description":"Ambipar contrat\u00f3 a la exministra de Medio Ambiente Izabella Teixeira para presidir el Comit\u00e9 Global de Sostenibilidad","breadcrumb":{"@id":"https:\/\/ambipar.com\/latam\/noticias\/multinacional-ambiental-contrata-a-exministra-de-medio-ambiente-y-exejecutivo-de-pepsico\/#breadcrumb"},"inLanguage":"es-CL","potentialAction":[{"@type":"ReadAction","target":["https:\/\/ambipar.com\/latam\/noticias\/multinacional-ambiental-contrata-a-exministra-de-medio-ambiente-y-exejecutivo-de-pepsico\/"]}]},{"@type":"BreadcrumbList","@id":"https:\/\/ambipar.com\/latam\/noticias\/multinacional-ambiental-contrata-a-exministra-de-medio-ambiente-y-exejecutivo-de-pepsico\/#breadcrumb","itemListElement":[{"@type":"ListItem","position":1,"name":"Home","item":"https:\/\/ambipar.com\/latam\/"},{"@type":"ListItem","position":2,"name":"Noticias","item":"https:\/\/ambipar.com\/latam\/pt\/noticias\/"},{"@type":"ListItem","position":3,"name":"Multinacional ambiental contrata a exministra de Medio Ambiente y exejecutivo de PepsiCo"}]}]}},"_links":{"self":[{"href":"https:\/\/ambipar.com\/latam\/wp-json\/wp\/v2\/noticia\/5702"}],"collection":[{"href":"https:\/\/ambipar.com\/latam\/wp-json\/wp\/v2\/noticia"}],"about":[{"href":"https:\/\/ambipar.com\/latam\/wp-json\/wp\/v2\/types\/noticia"}],"wp:featuredmedia":[{"embeddable":true,"href":"https:\/\/ambipar.com\/latam\/wp-json\/wp\/v2\/media\/5531"}],"wp:attachment":[{"href":"https:\/\/ambipar.com\/latam\/wp-json\/wp\/v2\/media?parent=5702"}],"wp:term":[{"taxonomy":"category","embeddable":true,"href":"https:\/\/ambipar.com\/latam\/wp-json\/wp\/v2\/categories?post=5702"}],"curies":[{"name":"wp","href":"https:\/\/api.w.org\/{rel}","templated":true}]}}